{"id":217254,"date":"2025-05-07T02:25:46","date_gmt":"2025-05-07T02:25:46","guid":{"rendered":"https:\/\/rnoticias.com.mx\/Portal\/?p=217254"},"modified":"2025-05-07T02:25:46","modified_gmt":"2025-05-07T02:25:46","slug":"confian-comercios-de-nogales-obtener-saldo-positivo-en-dia-de-las-madres","status":"publish","type":"post","link":"https:\/\/rnoticias.com.mx\/Portal\/2025\/05\/07\/confian-comercios-de-nogales-obtener-saldo-positivo-en-dia-de-las-madres\/","title":{"rendered":"Conf\u00edan comercios de Nogales obtener saldo positivo en D\u00eda de las Madres"},"content":{"rendered":"<p>Bas\u00e1ndose que este 10 de mayo el D\u00eda de las Madres caer\u00e1 en s\u00e1bado, comercios de Nogales conf\u00edan en alcanzar en esa fecha un porcentaje de ventas superior al 25 por ciento en comparaci\u00f3n con el a\u00f1o pasado.<\/p>\n<p>El presidente de la C\u00e1mara Nacional de Comercio (Canaco) en Nogales, Christian Uriel L\u00f3pez Cruz, se\u00f1al\u00f3 que tienen confianza en salir airosos de esa fecha especial donde se celebra a las mam\u00e1s y m\u00e1s porque el 10 de mayo cae en fin de semana.<\/p>\n<p>\u201cCreo que se podr\u00eda incrementar de un 25 hasta un 30 por ciento de las ventas solo en ese d\u00eda o igual tomando en cuenta 9, 10 y 11 de mayo que por lo general las familias tratan de festejar a sus mam\u00e1s\u201d, precis\u00f3.<\/p>\n<p>Reconoci\u00f3, que los comercios que regularmente son los m\u00e1s beneficiados en esta fecha son los restaurantes, florer\u00edas, tiendas de regalos, ropa, calzado principalmente.<\/p>\n<p>Finalmente, el empresario nogalense, mencion\u00f3 que conf\u00edan que el Ayuntamiento les ayude a poner orden con el comercio informal o ambulante y no mermen a comerciantes debidamente establecidos en esta fecha que sin lugar a dudas deber\u00e1 de generar derrama econ\u00f3mica al municipio.<\/p>\n","protected":false},"excerpt":{"rendered":"<p>Bas\u00e1ndose que este 10 de mayo el D\u00eda de las Madres caer\u00e1 en s\u00e1bado, comercios de Nogales conf\u00edan en alcanzar en esa fecha un porcentaje de ventas superior al 25 por ciento en comparaci\u00f3n con el a\u00f1o pasado. El presidente de la C\u00e1mara Nacional de Comercio (Canaco) en Nogales, Christian Uriel L\u00f3pez Cruz, se\u00f1al\u00f3 que [&hellip;]<\/p>\n","protected":false},"author":2,"featured_media":217255,"comment_status":"closed","ping_status":"closed","sticky":false,"template":"","format":"standard","meta":{"footnotes":""},"categories":[12870,174],"tags":[12865,12873],"class_list":["post-217254","post","type-post","status-publish","format-standard","has-post-thumbnail","hentry","category-destacadas","category-estatal","tag-destacadas","tag-estatal"],"jetpack_featured_media_url":"https:\/\/rnoticias.com.mx\/Portal\/wp-content\/uploads\/2025\/05\/IMG_5320.jpg","amp_enabled":true,"_links":{"self":[{"href":"https:\/\/rnoticias.com.mx\/Portal\/wp-json\/wp\/v2\/posts\/217254","targetHints":{"allow":["GET"]}}],"collection":[{"href":"https:\/\/rnoticias.com.mx\/Portal\/wp-json\/wp\/v2\/posts"}],"about":[{"href":"https:\/\/rnoticias.com.mx\/Portal\/wp-json\/wp\/v2\/types\/post"}],"author":[{"embeddable":true,"href":"https:\/\/rnoticias.com.mx\/Portal\/wp-json\/wp\/v2\/users\/2"}],"replies":[{"embeddable":true,"href":"https:\/\/rnoticias.com.mx\/Portal\/wp-json\/wp\/v2\/comments?post=217254"}],"version-history":[{"count":1,"href":"https:\/\/rnoticias.com.mx\/Portal\/wp-json\/wp\/v2\/posts\/217254\/revisions"}],"predecessor-version":[{"id":217256,"href":"https:\/\/rnoticias.com.mx\/Portal\/wp-json\/wp\/v2\/posts\/217254\/revisions\/217256"}],"wp:featuredmedia":[{"embeddable":true,"href":"https:\/\/rnoticias.com.mx\/Portal\/wp-json\/wp\/v2\/media\/217255"}],"wp:attachment":[{"href":"https:\/\/rnoticias.com.mx\/Portal\/wp-json\/wp\/v2\/media?parent=217254"}],"wp:term":[{"taxonomy":"category","embeddable":true,"href":"https:\/\/rnoticias.com.mx\/Portal\/wp-json\/wp\/v2\/categories?post=217254"},{"taxonomy":"post_tag","embeddable":true,"href":"https:\/\/rnoticias.com.mx\/Portal\/wp-json\/wp\/v2\/tags?post=217254"}],"curies":[{"name":"wp","href":"https:\/\/api.w.org\/{rel}","templated":true}]}}