{"id":217251,"date":"2025-05-07T01:51:05","date_gmt":"2025-05-07T01:51:05","guid":{"rendered":"https:\/\/rnoticias.com.mx\/Portal\/?p=217251"},"modified":"2025-05-07T01:51:05","modified_gmt":"2025-05-07T01:51:05","slug":"celebra-itson-la-55-edicion-de-la-expo-fisica","status":"publish","type":"post","link":"https:\/\/rnoticias.com.mx\/Portal\/2025\/05\/07\/celebra-itson-la-55-edicion-de-la-expo-fisica\/","title":{"rendered":"Celebra ITSON la 55 edici\u00f3n de la Expo F\u00edsica"},"content":{"rendered":"<p>El Instituto Tecnol\u00f3gico de Sonora (TSON) fue escenario de la 55 edici\u00f3n de la Expo F\u00edsica, un espacio donde estudiantes de Ingenier\u00edas presentaron sus proyectos innovadores finales de los cursos de electromagnetismo, \u00f3ptica y f\u00edsica moderna, as\u00ed como de mec\u00e1nica general.<\/p>\n<p>Durante el evento acad\u00e9mico desarrollado por los Departamentos de Ingenier\u00eda Civil y Arquitectura e Ingenier\u00eda El\u00e9ctrica y Electr\u00f3nica, el Dr. Armando Ambrosio L\u00f3pez, Director de Ingenier\u00eda y Tecnolog\u00eda, reconoci\u00f3 el esfuerzo conjunto de las y los estudiantes, coordinados por sus profesores y profesoras, quienes durante todo el semestre han desarrollado proyectos en \u00e1reas fundamentales para su profesi\u00f3n.<\/p>\n<p>\u201cEste trabajo que se ha venido desarrollando a lo largo del semestre se pone hoy de manifiesto ante la comunidad universitaria esos conocimientos, actitudes, valores, para mostrarles un poquito de lo que tenemos en nuestras disciplinas, son experimentos, proyectos que son muy did\u00e1cticos y muestran parte de la esencia de estas tres \u00e1reas\u201d, expres\u00f3 el Dr. Ambrosio.<\/p>\n<p>Por su parte, el Mtro. Francisco Javier Encinas Pablos, Coordinador de la Academia de Mec\u00e1nica General, comparti\u00f3 que esta tradicional Expo F\u00edsica tiene como objetivo que las y los universitarios evidencien los principios y leyes f\u00edsicas a trav\u00e9s de experimentos y proyectos.<\/p>\n<p>As\u00ed mismo, resalt\u00f3 que estas actividades adem\u00e1s de fomentar el conocimiento t\u00e9cnico, tambi\u00e9n desarrollan competencias actitudinales y valorativas, como el trabajo en equipo y hablar en p\u00fablico. \u201cEl fin de la Universidad es formar ciudadanos competentes y que puedan contribuir al desarrollo de la sociedad; un alumno bien preparado, es un alumno que puede producir buenos resultados afuera\u201d.<\/p>\n<p>En esta edici\u00f3n, participaron alrededor 35 proyectos de estudiantes de las carreras de Ingenier\u00edas como Mecatr\u00f3nica, Electromec\u00e1nica, Electr\u00f3nica, Civil, Industrial y de Sistemas, Biotecnol\u00f3gica y Qu\u00edmica, donde pusieron en pr\u00e1ctica los conocimientos adquiridos en sus cursos.<\/p>\n<p>Este tipo de espacios contribuyen al desarrollo de las habilidades tanto pr\u00e1cticas, como metodol\u00f3gicas en sus estudiantes, todo esto con el fin de que logren las competencias definidas en sus cursos y bloques curriculares.<\/p>\n<p>La ceremonia de inauguraci\u00f3n tambi\u00e9n cont\u00f3 con la presencia del Mtro. Arturo Cervantes Beltr\u00e1n, Jefe del Departamento de Ingenier\u00eda Civil y Arquitectura; Mtro. Jos\u00e9 Aldrete Medina, Coordinador de la Academia de Electromagnetismo; as\u00ed como docentes de la Academia de Electricidad, la Academia de Mec\u00e1nica General y la Academia de \u00d3ptica y F\u00edsica Moderna.<\/p>\n","protected":false},"excerpt":{"rendered":"<p>El Instituto Tecnol\u00f3gico de Sonora (TSON) fue escenario de la 55 edici\u00f3n de la Expo F\u00edsica, un espacio donde estudiantes de Ingenier\u00edas presentaron sus proyectos innovadores finales de los cursos de electromagnetismo, \u00f3ptica y f\u00edsica moderna, as\u00ed como de mec\u00e1nica general. Durante el evento acad\u00e9mico desarrollado por los Departamentos de Ingenier\u00eda Civil y Arquitectura e [&hellip;]<\/p>\n","protected":false},"author":2,"featured_media":217252,"comment_status":"closed","ping_status":"closed","sticky":false,"template":"","format":"standard","meta":{"footnotes":""},"categories":[12870,174],"tags":[12865,12873],"class_list":["post-217251","post","type-post","status-publish","format-standard","has-post-thumbnail","hentry","category-destacadas","category-estatal","tag-destacadas","tag-estatal"],"jetpack_featured_media_url":"https:\/\/rnoticias.com.mx\/Portal\/wp-content\/uploads\/2025\/05\/d6ebb8f1-bc26-4c03-909f-b171d70eb405.jpg","amp_enabled":true,"_links":{"self":[{"href":"https:\/\/rnoticias.com.mx\/Portal\/wp-json\/wp\/v2\/posts\/217251","targetHints":{"allow":["GET"]}}],"collection":[{"href":"https:\/\/rnoticias.com.mx\/Portal\/wp-json\/wp\/v2\/posts"}],"about":[{"href":"https:\/\/rnoticias.com.mx\/Portal\/wp-json\/wp\/v2\/types\/post"}],"author":[{"embeddable":true,"href":"https:\/\/rnoticias.com.mx\/Portal\/wp-json\/wp\/v2\/users\/2"}],"replies":[{"embeddable":true,"href":"https:\/\/rnoticias.com.mx\/Portal\/wp-json\/wp\/v2\/comments?post=217251"}],"version-history":[{"count":1,"href":"https:\/\/rnoticias.com.mx\/Portal\/wp-json\/wp\/v2\/posts\/217251\/revisions"}],"predecessor-version":[{"id":217253,"href":"https:\/\/rnoticias.com.mx\/Portal\/wp-json\/wp\/v2\/posts\/217251\/revisions\/217253"}],"wp:featuredmedia":[{"embeddable":true,"href":"https:\/\/rnoticias.com.mx\/Portal\/wp-json\/wp\/v2\/media\/217252"}],"wp:attachment":[{"href":"https:\/\/rnoticias.com.mx\/Portal\/wp-json\/wp\/v2\/media?parent=217251"}],"wp:term":[{"taxonomy":"category","embeddable":true,"href":"https:\/\/rnoticias.com.mx\/Portal\/wp-json\/wp\/v2\/categories?post=217251"},{"taxonomy":"post_tag","embeddable":true,"href":"https:\/\/rnoticias.com.mx\/Portal\/wp-json\/wp\/v2\/tags?post=217251"}],"curies":[{"name":"wp","href":"https:\/\/api.w.org\/{rel}","templated":true}]}}