{"id":217248,"date":"2025-05-07T01:49:34","date_gmt":"2025-05-07T01:49:34","guid":{"rendered":"https:\/\/rnoticias.com.mx\/Portal\/?p=217248"},"modified":"2025-05-07T01:49:34","modified_gmt":"2025-05-07T01:49:34","slug":"vinculado-a-proceso-julio-cesar-n-por-los-delitos-de-tentativa-de-feminicidio-y-violencia-familiar","status":"publish","type":"post","link":"https:\/\/rnoticias.com.mx\/Portal\/2025\/05\/07\/vinculado-a-proceso-julio-cesar-n-por-los-delitos-de-tentativa-de-feminicidio-y-violencia-familiar\/","title":{"rendered":"Vinculado a proceso Julio C\u00e9sar \u201cN\u201d por los delitos de tentativa de feminicidio y violencia familiar"},"content":{"rendered":"<p>\u00cdmuris, Sonora, 6 de mayo de 2025.- La Fiscalia General de Justicia del Estado de Sonora (FGJES) obtuvo la vinculaci\u00f3n a proceso de Julio C\u00e9sar \u201cN\u201d, de 49 a\u00f1os, por los delitos de tentativa de feminicidio en n\u00famero de dos y violencia familiar en concurso real de delitos.<\/p>\n<p>En audiencia el Juez determin\u00f3 prisi\u00f3n preventiva justificada y otorg\u00f3 un plazo de 3 meses para la investigaci\u00f3n complementaria.<\/p>\n<p>De acuerdo a la carpeta de investigaci\u00f3n, los hechos se registraron el 7 de enero de 2025, dentro del domicilio de la v\u00edctima Yaneli Guadalupe \u201cN\u201d, ex pareja de Julio C\u00e9sar \u201cN\u201d.<\/p>\n<p>En el sitio, el se\u00f1alado forceje\u00f3 con la v\u00edctima, la agarr\u00f3 del cuello y amenaz\u00f3 de matarla.<\/p>\n<p>Tras recibir la denuncia correspondiente, inici\u00f3 la integraci\u00f3n de la carpeta de investigaci\u00f3n, la cual se present\u00f3 a un Juez para solicitar la orden de aprehensi\u00f3n del se\u00f1alado, misma que se cumpliment\u00f3 por elementos de la Agencia Ministerial de Investigaci\u00f3n Criminal (AMIC).<\/p>\n<p>El operativo de aprehensi\u00f3n se realiz\u00f3 el martes 01 de mayo de 2025 en la colonia Centro, en \u00cdmuris, Sonora.<\/p>\n<p>Tras ser detenido, el imputado qued\u00f3 internado en el Centro de Reinserci\u00f3n Social (CERESO) de Magdalena de Kino.<\/p>\n<p>Este caso refrenda el compromiso de la FGJES con la protecci\u00f3n integral de las mujeres y el esclarecimiento de conductas violentas que atentan contra su vida e integridad.<\/p>\n","protected":false},"excerpt":{"rendered":"<p>\u00cdmuris, Sonora, 6 de mayo de 2025.- La Fiscalia General de Justicia del Estado de Sonora (FGJES) obtuvo la vinculaci\u00f3n a proceso de Julio C\u00e9sar \u201cN\u201d, de 49 a\u00f1os, por los delitos de tentativa de feminicidio en n\u00famero de dos y violencia familiar en concurso real de delitos. En audiencia el Juez determin\u00f3 prisi\u00f3n preventiva [&hellip;]<\/p>\n","protected":false},"author":2,"featured_media":217249,"comment_status":"closed","ping_status":"closed","sticky":false,"template":"","format":"standard","meta":{"footnotes":""},"categories":[12870,174],"tags":[12865,12873],"class_list":["post-217248","post","type-post","status-publish","format-standard","has-post-thumbnail","hentry","category-destacadas","category-estatal","tag-destacadas","tag-estatal"],"jetpack_featured_media_url":"https:\/\/rnoticias.com.mx\/Portal\/wp-content\/uploads\/2025\/05\/38b871ad-eb6a-46f3-a9ce-e0fcd0d6c3b6.jpg","amp_enabled":true,"_links":{"self":[{"href":"https:\/\/rnoticias.com.mx\/Portal\/wp-json\/wp\/v2\/posts\/217248","targetHints":{"allow":["GET"]}}],"collection":[{"href":"https:\/\/rnoticias.com.mx\/Portal\/wp-json\/wp\/v2\/posts"}],"about":[{"href":"https:\/\/rnoticias.com.mx\/Portal\/wp-json\/wp\/v2\/types\/post"}],"author":[{"embeddable":true,"href":"https:\/\/rnoticias.com.mx\/Portal\/wp-json\/wp\/v2\/users\/2"}],"replies":[{"embeddable":true,"href":"https:\/\/rnoticias.com.mx\/Portal\/wp-json\/wp\/v2\/comments?post=217248"}],"version-history":[{"count":1,"href":"https:\/\/rnoticias.com.mx\/Portal\/wp-json\/wp\/v2\/posts\/217248\/revisions"}],"predecessor-version":[{"id":217250,"href":"https:\/\/rnoticias.com.mx\/Portal\/wp-json\/wp\/v2\/posts\/217248\/revisions\/217250"}],"wp:featuredmedia":[{"embeddable":true,"href":"https:\/\/rnoticias.com.mx\/Portal\/wp-json\/wp\/v2\/media\/217249"}],"wp:attachment":[{"href":"https:\/\/rnoticias.com.mx\/Portal\/wp-json\/wp\/v2\/media?parent=217248"}],"wp:term":[{"taxonomy":"category","embeddable":true,"href":"https:\/\/rnoticias.com.mx\/Portal\/wp-json\/wp\/v2\/categories?post=217248"},{"taxonomy":"post_tag","embeddable":true,"href":"https:\/\/rnoticias.com.mx\/Portal\/wp-json\/wp\/v2\/tags?post=217248"}],"curies":[{"name":"wp","href":"https:\/\/api.w.org\/{rel}","templated":true}]}}