{"id":217245,"date":"2025-05-07T01:48:52","date_gmt":"2025-05-07T01:48:52","guid":{"rendered":"https:\/\/rnoticias.com.mx\/Portal\/?p=217245"},"modified":"2025-05-07T01:48:52","modified_gmt":"2025-05-07T01:48:52","slug":"rescatan-a-25-canes-en-cateo-por-maltrato-animal-en-san-luis-rio-colorado","status":"publish","type":"post","link":"https:\/\/rnoticias.com.mx\/Portal\/2025\/05\/07\/rescatan-a-25-canes-en-cateo-por-maltrato-animal-en-san-luis-rio-colorado\/","title":{"rendered":"Rescatan a 25 canes en cateo por maltrato animal en San Luis R\u00edo Colorado"},"content":{"rendered":"<p>San Luis R\u00edo Colorado, Sonora, 6 de mayo de 2025.- La Agencia Ministerial de Investigaci\u00f3n Criminal (AMIC), en coordinaci\u00f3n con personal de Control Animal del Ayuntamiento de San Luis R\u00edo Colorado, ejecut\u00f3 una orden de cateo en un domicilio de la colonia Residencias, donde se rescataron 25 canes y se asegur\u00f3 a un hombre se\u00f1alado por el presunto delito de maltrato animal.<\/p>\n<p>La diligencia se realiz\u00f3 en atenci\u00f3n a denuncias ciudadanas y como parte de una investigaci\u00f3n previa, localiz\u00e1ndose en el sitio 25 caninos, 20 hembras y 5 machos, en condiciones de posible maltrato, adem\u00e1s, se localizaron los restos de dos caninas hembras sin vida, enterradas en el patio del inmueble.<\/p>\n<p>En el lugar fue asegurado Francisco \u201cN\u201d, de 72 a\u00f1os, quien qued\u00f3 a disposici\u00f3n del Agente del Ministerio P\u00fablico del Fuero Com\u00fan, a efecto de continuar con las diligencias legales correspondientes.<\/p>\n<p>Los animales rescatados fueron puestos bajo resguardo de Control Animal del Municipio, donde recibir\u00e1n atenci\u00f3n m\u00e9dica veterinaria y valoraci\u00f3n especializada para su recuperaci\u00f3n y resguardo adecuado.<\/p>\n<p>La Fiscal\u00eda General de Justicia del Estado de Sonora (FGJES) reitera su compromiso con la protecci\u00f3n de los animales de compa\u00f1\u00eda y mantendr\u00e1 acciones firmes y constantes contra todo acto de crueldad animal en la entidad.<\/p>\n","protected":false},"excerpt":{"rendered":"<p>San Luis R\u00edo Colorado, Sonora, 6 de mayo de 2025.- La Agencia Ministerial de Investigaci\u00f3n Criminal (AMIC), en coordinaci\u00f3n con personal de Control Animal del Ayuntamiento de San Luis R\u00edo Colorado, ejecut\u00f3 una orden de cateo en un domicilio de la colonia Residencias, donde se rescataron 25 canes y se asegur\u00f3 a un hombre se\u00f1alado [&hellip;]<\/p>\n","protected":false},"author":2,"featured_media":217246,"comment_status":"closed","ping_status":"closed","sticky":false,"template":"","format":"standard","meta":{"footnotes":""},"categories":[12870,174],"tags":[12865,12873],"class_list":["post-217245","post","type-post","status-publish","format-standard","has-post-thumbnail","hentry","category-destacadas","category-estatal","tag-destacadas","tag-estatal"],"jetpack_featured_media_url":"https:\/\/rnoticias.com.mx\/Portal\/wp-content\/uploads\/2025\/05\/4523c451-e296-4963-bfcf-852e14d23f99.jpg","amp_enabled":true,"_links":{"self":[{"href":"https:\/\/rnoticias.com.mx\/Portal\/wp-json\/wp\/v2\/posts\/217245","targetHints":{"allow":["GET"]}}],"collection":[{"href":"https:\/\/rnoticias.com.mx\/Portal\/wp-json\/wp\/v2\/posts"}],"about":[{"href":"https:\/\/rnoticias.com.mx\/Portal\/wp-json\/wp\/v2\/types\/post"}],"author":[{"embeddable":true,"href":"https:\/\/rnoticias.com.mx\/Portal\/wp-json\/wp\/v2\/users\/2"}],"replies":[{"embeddable":true,"href":"https:\/\/rnoticias.com.mx\/Portal\/wp-json\/wp\/v2\/comments?post=217245"}],"version-history":[{"count":1,"href":"https:\/\/rnoticias.com.mx\/Portal\/wp-json\/wp\/v2\/posts\/217245\/revisions"}],"predecessor-version":[{"id":217247,"href":"https:\/\/rnoticias.com.mx\/Portal\/wp-json\/wp\/v2\/posts\/217245\/revisions\/217247"}],"wp:featuredmedia":[{"embeddable":true,"href":"https:\/\/rnoticias.com.mx\/Portal\/wp-json\/wp\/v2\/media\/217246"}],"wp:attachment":[{"href":"https:\/\/rnoticias.com.mx\/Portal\/wp-json\/wp\/v2\/media?parent=217245"}],"wp:term":[{"taxonomy":"category","embeddable":true,"href":"https:\/\/rnoticias.com.mx\/Portal\/wp-json\/wp\/v2\/categories?post=217245"},{"taxonomy":"post_tag","embeddable":true,"href":"https:\/\/rnoticias.com.mx\/Portal\/wp-json\/wp\/v2\/tags?post=217245"}],"curies":[{"name":"wp","href":"https:\/\/api.w.org\/{rel}","templated":true}]}}