{"id":217242,"date":"2025-05-07T01:43:03","date_gmt":"2025-05-07T01:43:03","guid":{"rendered":"https:\/\/rnoticias.com.mx\/Portal\/?p=217242"},"modified":"2025-05-07T01:43:03","modified_gmt":"2025-05-07T01:43:03","slug":"esperan-ganancias-del-20-comerciantes-en-cajeme-por-10-de-mayo","status":"publish","type":"post","link":"https:\/\/rnoticias.com.mx\/Portal\/2025\/05\/07\/esperan-ganancias-del-20-comerciantes-en-cajeme-por-10-de-mayo\/","title":{"rendered":"Esperan ganancias del 20% comerciantes en Cajeme por 10 de mayo"},"content":{"rendered":"<p>Al menos un 20 por ciento de porcentaje en ventas es lo que esperan obtener los comerciantes de Ciudad Obreg\u00f3n durante el festejo por el D\u00eda de las Madres, inform\u00f3 Gustavo C\u00e1rdenas Garc\u00eda.<\/p>\n<p>El presidente de Canaco en Cajeme, manifest\u00f3 que, aunque la situaci\u00f3n econ\u00f3mica actual es complicada por factores asociados a la agricultura en la regi\u00f3n, se tiene confianza que esa fecha sea favorable para el comercio establecido.<\/p>\n<p>\u201cSon fechas claves como el 14 de febrero, son segmentos del comercio especifico que se benefician y en esta ocasi\u00f3n son las flores, los regalos, ropa, pero siempre repuntan las ventas un 10 de mayo. El a\u00f1o pasado tuvimos hasta un 40 por ciento y ahorita las esperanzas son en un 20 por ciento\u201d, dijo.<\/p>\n<p>El l\u00edder empresarial en el sur de Sonora, enfatiz\u00f3 sobre la importancia de ser optimistas en una de las fechas donde se genera mayor movimiento econ\u00f3mico en la entidad en especial en comercios como restaurantes y florer\u00edas, e independientemente de otros factores que pudieran incidir en una generaci\u00f3n importante de flujo econ\u00f3mico en esa regi\u00f3n.<\/p>\n","protected":false},"excerpt":{"rendered":"<p>Al menos un 20 por ciento de porcentaje en ventas es lo que esperan obtener los comerciantes de Ciudad Obreg\u00f3n durante el festejo por el D\u00eda de las Madres, inform\u00f3 Gustavo C\u00e1rdenas Garc\u00eda. El presidente de Canaco en Cajeme, manifest\u00f3 que, aunque la situaci\u00f3n econ\u00f3mica actual es complicada por factores asociados a la agricultura en [&hellip;]<\/p>\n","protected":false},"author":2,"featured_media":217243,"comment_status":"closed","ping_status":"closed","sticky":false,"template":"","format":"standard","meta":{"footnotes":""},"categories":[12870,174],"tags":[12865,12873],"class_list":["post-217242","post","type-post","status-publish","format-standard","has-post-thumbnail","hentry","category-destacadas","category-estatal","tag-destacadas","tag-estatal"],"jetpack_featured_media_url":"https:\/\/rnoticias.com.mx\/Portal\/wp-content\/uploads\/2025\/05\/mercado-municipal-cd.jpg","amp_enabled":true,"_links":{"self":[{"href":"https:\/\/rnoticias.com.mx\/Portal\/wp-json\/wp\/v2\/posts\/217242","targetHints":{"allow":["GET"]}}],"collection":[{"href":"https:\/\/rnoticias.com.mx\/Portal\/wp-json\/wp\/v2\/posts"}],"about":[{"href":"https:\/\/rnoticias.com.mx\/Portal\/wp-json\/wp\/v2\/types\/post"}],"author":[{"embeddable":true,"href":"https:\/\/rnoticias.com.mx\/Portal\/wp-json\/wp\/v2\/users\/2"}],"replies":[{"embeddable":true,"href":"https:\/\/rnoticias.com.mx\/Portal\/wp-json\/wp\/v2\/comments?post=217242"}],"version-history":[{"count":1,"href":"https:\/\/rnoticias.com.mx\/Portal\/wp-json\/wp\/v2\/posts\/217242\/revisions"}],"predecessor-version":[{"id":217244,"href":"https:\/\/rnoticias.com.mx\/Portal\/wp-json\/wp\/v2\/posts\/217242\/revisions\/217244"}],"wp:featuredmedia":[{"embeddable":true,"href":"https:\/\/rnoticias.com.mx\/Portal\/wp-json\/wp\/v2\/media\/217243"}],"wp:attachment":[{"href":"https:\/\/rnoticias.com.mx\/Portal\/wp-json\/wp\/v2\/media?parent=217242"}],"wp:term":[{"taxonomy":"category","embeddable":true,"href":"https:\/\/rnoticias.com.mx\/Portal\/wp-json\/wp\/v2\/categories?post=217242"},{"taxonomy":"post_tag","embeddable":true,"href":"https:\/\/rnoticias.com.mx\/Portal\/wp-json\/wp\/v2\/tags?post=217242"}],"curies":[{"name":"wp","href":"https:\/\/api.w.org\/{rel}","templated":true}]}}