{"id":217205,"date":"2025-05-07T00:14:29","date_gmt":"2025-05-07T00:14:29","guid":{"rendered":"https:\/\/rnoticias.com.mx\/Portal\/?p=217205"},"modified":"2025-05-07T00:14:29","modified_gmt":"2025-05-07T00:14:29","slug":"apuesta-tono-astiazaran-por-la-ninez-en-el-palo-verde","status":"publish","type":"post","link":"https:\/\/rnoticias.com.mx\/Portal\/2025\/05\/07\/apuesta-tono-astiazaran-por-la-ninez-en-el-palo-verde\/","title":{"rendered":"Apuesta To\u00f1o Astiazar\u00e1n por la ni\u00f1ez en el Palo Verde"},"content":{"rendered":"<p><b data-olk-copy-source=\"MessageBody\">Hermosillo, Sonora; 06 de mayo, 2025.-<\/b>\u00a0\u201cPara nosotros como Gobierno Municipal ustedes como comunidad son un ejemplo de lo mucho que se puede hacer cuando se trabaja en equipo\u201d, expres\u00f3 Antonio Astiazar\u00e1n al entregar el sal\u00f3n multifuncional en el Centro San Ram\u00f3n No Nato de la colonia Palo Verde Indeur.<\/p>\n<p aria-hidden=\"true\">\n<p>El presidente municipal reconoci\u00f3 a familias organizadas que a trav\u00e9s de su aportaci\u00f3n hicieron posible esta obra que impactar\u00e1 principalmente a ni\u00f1as y ni\u00f1os que se desarrollan en este espacio que se ha convertido en un pilar para su comunidad.<\/p>\n<p aria-hidden=\"true\">\n<p>Acompa\u00f1ado por C\u00e9sar Rasc\u00f3n, titular del Consejo Municipal de Concertaci\u00f3n para la Obra P\u00fablica (CMCOP) atestigu\u00f3 la calidad de esta obra tripartita que incluye pintura, piso de cer\u00e1mica, muro de ladrillo, andador de concreto, ventanas y puerta con un monto de 333 mil 249 pesos.<\/p>\n<p aria-hidden=\"true\">\n<p>Vecinas y vecinos presentes agradecieron a autoridades por su disposici\u00f3n, cercan\u00eda y voluntad para impulsar obras como el sal\u00f3n multifuncional que tienen un valor simb\u00f3lico al convertirse en un espacio que fortalece el tejido social de Hermosillo.<\/p>\n<p aria-hidden=\"true\">\n<p>\u201cEste sal\u00f3n es fruto del esfuerzo compartido, de la fe que une y del amor que construye. Que sea usado para formar, servir y reunir\u201d, expres\u00f3 Guadalupe Monta\u00f1o a nombre de vecinas y vecinos de la zona.<\/p>\n<p aria-hidden=\"true\">\n<p>El Gobierno Municipal refrenda el compromiso con la comunidad para seguir trabajando en equipo y con ello fomentar la participaci\u00f3n activa para generar entornos dignos que fortalezcan el tejido social de Hermosillo.<\/p>\n<p aria-hidden=\"true\">\n<p>Asistieron tambi\u00e9n Daniel Garc\u00eda Escalante, director de Participaci\u00f3n Ciudadana; Antonio Garc\u00eda Beltr\u00e1n, presb\u00edtero del Centro; Martina Moreno, coordinadora de zona; Julia Camacho, integrante del Comit\u00e9 CRECES Hermosa Provincia y Luz Mar\u00eda Gonz\u00e1lez, del Comit\u00e9 Palo Verde Indeur.<\/p>\n<p aria-hidden=\"true\">\n<p>Fuente: CMCOP<\/p>\n","protected":false},"excerpt":{"rendered":"<p>Hermosillo, Sonora; 06 de mayo, 2025.-\u00a0\u201cPara nosotros como Gobierno Municipal ustedes como comunidad son un ejemplo de lo mucho que se puede hacer cuando se trabaja en equipo\u201d, expres\u00f3 Antonio Astiazar\u00e1n al entregar el sal\u00f3n multifuncional en el Centro San Ram\u00f3n No Nato de la colonia Palo Verde Indeur. El presidente municipal reconoci\u00f3 a familias [&hellip;]<\/p>\n","protected":false},"author":2,"featured_media":217206,"comment_status":"closed","ping_status":"closed","sticky":false,"template":"","format":"standard","meta":{"footnotes":""},"categories":[12870,178],"tags":[12865,12869],"class_list":["post-217205","post","type-post","status-publish","format-standard","has-post-thumbnail","hentry","category-destacadas","category-local","tag-destacadas","tag-local"],"jetpack_featured_media_url":"https:\/\/rnoticias.com.mx\/Portal\/wp-content\/uploads\/2025\/05\/TAG-4-scaled.jpg","amp_enabled":true,"_links":{"self":[{"href":"https:\/\/rnoticias.com.mx\/Portal\/wp-json\/wp\/v2\/posts\/217205","targetHints":{"allow":["GET"]}}],"collection":[{"href":"https:\/\/rnoticias.com.mx\/Portal\/wp-json\/wp\/v2\/posts"}],"about":[{"href":"https:\/\/rnoticias.com.mx\/Portal\/wp-json\/wp\/v2\/types\/post"}],"author":[{"embeddable":true,"href":"https:\/\/rnoticias.com.mx\/Portal\/wp-json\/wp\/v2\/users\/2"}],"replies":[{"embeddable":true,"href":"https:\/\/rnoticias.com.mx\/Portal\/wp-json\/wp\/v2\/comments?post=217205"}],"version-history":[{"count":1,"href":"https:\/\/rnoticias.com.mx\/Portal\/wp-json\/wp\/v2\/posts\/217205\/revisions"}],"predecessor-version":[{"id":217207,"href":"https:\/\/rnoticias.com.mx\/Portal\/wp-json\/wp\/v2\/posts\/217205\/revisions\/217207"}],"wp:featuredmedia":[{"embeddable":true,"href":"https:\/\/rnoticias.com.mx\/Portal\/wp-json\/wp\/v2\/media\/217206"}],"wp:attachment":[{"href":"https:\/\/rnoticias.com.mx\/Portal\/wp-json\/wp\/v2\/media?parent=217205"}],"wp:term":[{"taxonomy":"category","embeddable":true,"href":"https:\/\/rnoticias.com.mx\/Portal\/wp-json\/wp\/v2\/categories?post=217205"},{"taxonomy":"post_tag","embeddable":true,"href":"https:\/\/rnoticias.com.mx\/Portal\/wp-json\/wp\/v2\/tags?post=217205"}],"curies":[{"name":"wp","href":"https:\/\/api.w.org\/{rel}","templated":true}]}}