{"id":217202,"date":"2025-05-06T23:53:35","date_gmt":"2025-05-06T23:53:35","guid":{"rendered":"https:\/\/rnoticias.com.mx\/Portal\/?p=217202"},"modified":"2025-05-06T23:53:35","modified_gmt":"2025-05-06T23:53:35","slug":"hermosillo-esta-listo-para-celebrar-las-rutas-culturales-del-7-al-17-de-mayo","status":"publish","type":"post","link":"https:\/\/rnoticias.com.mx\/Portal\/2025\/05\/06\/hermosillo-esta-listo-para-celebrar-las-rutas-culturales-del-7-al-17-de-mayo\/","title":{"rendered":"Hermosillo est\u00e1 listo para celebrar las Rutas Culturales del 7 al 17 de mayo"},"content":{"rendered":"<p><b data-olk-copy-source=\"MessageBody\">Hermosillo, Sonora; 6 de mayo, 2025.-\u00a0<\/b>Hermosillo se llena de emoci\u00f3n rumbo a las Fiestas del Pitic con las Rutas Culturales que el Ayuntamiento de Hermosillo realizar\u00e1 del 7 al 17 de mayo para celebrar con artistas del municipio, la grandeza de Hermosillo en la zona urbana y rural.<\/p>\n<p aria-hidden=\"true\">\n<p>Marianna Gonz\u00e1lez Gast\u00e9lum, directora del Instituto Municipal de Cultura y Arte (IMCA) invit\u00f3 a disfrutar de manera gratuita las expresiones art\u00edsticas del Ballet Folcl\u00f3rico Semalulukut, quienes est\u00e1n celebrando su d\u00e9cimo aniversario, el grupo Coincidencias y el cantante Jaime Fragoso que conforman el programa del 7 de mayo en Villa de Seris.<\/p>\n<p aria-hidden=\"true\">\n<p>A partir de las 6:00 pm en la Plaza de la Candelaria se llevar\u00e1 a cabo la presentaci\u00f3n de \u201cM\u00e9xico M\u00e1gico 7\u201d, del Ballet Folcl\u00f3rico Semalulukut; a las 7:00 pm \u201cEntre Boleros y Romances Modernos\u201d, del grupo Coincidencias y para finalizar a las 8:00 pm, el cantante Jaime Fragoso presentar\u00e1 el concierto \u201cEl Tiempo es Altanero\u201d.<\/p>\n<p aria-hidden=\"true\">\n<p>En el marco de las Fiestas del Pitic que se realizar\u00e1n del 22 al 25 de mayo, las Rutas Culturales forman parte de una celebraci\u00f3n previa en las colonias Villa de Seris, Los Olivos, Lomas de Madrid y Modelo, as\u00ed como en el Ejido La Victoria y Bah\u00eda de Kino que permite a la comunidad fortalecer su identidad y disfrutar las expresiones art\u00edsticas.<\/p>\n<p aria-hidden=\"true\">\n<p>El Gobierno Municipal invita a seguir las redes de IMCA Hermosillo y la p\u00e1gina https:\/\/fiestasdelpitic.hermosillo.gob.mx para conocer m\u00e1s sobre el programa de Rutas Culturales y pr\u00f3ximas ubicaciones, as\u00ed como la programaci\u00f3n completa de las Fiestas del Pitic 2025.<\/p>\n","protected":false},"excerpt":{"rendered":"<p>Hermosillo, Sonora; 6 de mayo, 2025.-\u00a0Hermosillo se llena de emoci\u00f3n rumbo a las Fiestas del Pitic con las Rutas Culturales que el Ayuntamiento de Hermosillo realizar\u00e1 del 7 al 17 de mayo para celebrar con artistas del municipio, la grandeza de Hermosillo en la zona urbana y rural. Marianna Gonz\u00e1lez Gast\u00e9lum, directora del Instituto Municipal [&hellip;]<\/p>\n","protected":false},"author":2,"featured_media":217203,"comment_status":"closed","ping_status":"closed","sticky":false,"template":"","format":"standard","meta":{"footnotes":""},"categories":[12870,178],"tags":[12865,12869],"class_list":["post-217202","post","type-post","status-publish","format-standard","has-post-thumbnail","hentry","category-destacadas","category-local","tag-destacadas","tag-local"],"jetpack_featured_media_url":"https:\/\/rnoticias.com.mx\/Portal\/wp-content\/uploads\/2025\/05\/imca7.jpg","amp_enabled":true,"_links":{"self":[{"href":"https:\/\/rnoticias.com.mx\/Portal\/wp-json\/wp\/v2\/posts\/217202","targetHints":{"allow":["GET"]}}],"collection":[{"href":"https:\/\/rnoticias.com.mx\/Portal\/wp-json\/wp\/v2\/posts"}],"about":[{"href":"https:\/\/rnoticias.com.mx\/Portal\/wp-json\/wp\/v2\/types\/post"}],"author":[{"embeddable":true,"href":"https:\/\/rnoticias.com.mx\/Portal\/wp-json\/wp\/v2\/users\/2"}],"replies":[{"embeddable":true,"href":"https:\/\/rnoticias.com.mx\/Portal\/wp-json\/wp\/v2\/comments?post=217202"}],"version-history":[{"count":1,"href":"https:\/\/rnoticias.com.mx\/Portal\/wp-json\/wp\/v2\/posts\/217202\/revisions"}],"predecessor-version":[{"id":217204,"href":"https:\/\/rnoticias.com.mx\/Portal\/wp-json\/wp\/v2\/posts\/217202\/revisions\/217204"}],"wp:featuredmedia":[{"embeddable":true,"href":"https:\/\/rnoticias.com.mx\/Portal\/wp-json\/wp\/v2\/media\/217203"}],"wp:attachment":[{"href":"https:\/\/rnoticias.com.mx\/Portal\/wp-json\/wp\/v2\/media?parent=217202"}],"wp:term":[{"taxonomy":"category","embeddable":true,"href":"https:\/\/rnoticias.com.mx\/Portal\/wp-json\/wp\/v2\/categories?post=217202"},{"taxonomy":"post_tag","embeddable":true,"href":"https:\/\/rnoticias.com.mx\/Portal\/wp-json\/wp\/v2\/tags?post=217202"}],"curies":[{"name":"wp","href":"https:\/\/api.w.org\/{rel}","templated":true}]}}