{"id":217191,"date":"2025-05-06T19:37:53","date_gmt":"2025-05-06T19:37:53","guid":{"rendered":"https:\/\/rnoticias.com.mx\/Portal\/?p=217191"},"modified":"2025-05-06T19:37:53","modified_gmt":"2025-05-06T19:37:53","slug":"fortalece-gobierno-de-sonora-industria-del-bacanora-con-apoyo-de-universidades-uts","status":"publish","type":"post","link":"https:\/\/rnoticias.com.mx\/Portal\/2025\/05\/06\/fortalece-gobierno-de-sonora-industria-del-bacanora-con-apoyo-de-universidades-uts\/","title":{"rendered":"Fortalece Gobierno de Sonora industria del bacanora con apoyo de universidades: UTS"},"content":{"rendered":"<p>Quiriego, Sonora; 6 de mayo de 2025.- Con el prop\u00f3sito de contribuir a los esfuerzos del Gobierno de Sonora para preservar la denominaci\u00f3n de origen del bacanora, la Universidad Tecnol\u00f3gica del Sur de Sonora (UTS) desarrollar\u00e1 una estrategia de trabajo en coordinaci\u00f3n con el Consejo Sonorense Regulador del Bacanora (CSRB).<\/p>\n<p>El rector de la UTS, Sergio Pablo Mariscal Alvarado, firm\u00f3 un convenio de colaboraci\u00f3n con Vianey del R\u00edo Guerra, directora general del CSRN, formalizando la alianza interinstitucional establecida previamente junto a otras seis universidades de la entidad, durante el Foro Universitario Internacional Agroindustrial, organizado en el Instituto Tecnol\u00f3gico del Valle del Yaqui.<\/p>\n<p>Mariscal Alvarado indic\u00f3 que la defensa de la denominaci\u00f3n de origen del bacanora forma parte de la visi\u00f3n del gobernador Alfonso Durazo para la conservaci\u00f3n de la cultura y el impulso al desarrollo regional asociado al crecimiento de dicha industria.<\/p>\n<p>A\u00f1adi\u00f3 que, con la firma del convenio, la UTS se enfocar\u00e1 a la formaci\u00f3n y especializaci\u00f3n de recurso humano altamente capacitados, promoviendo la participaci\u00f3n de estudiantes y docentes en actividades de investigaci\u00f3n aplicada, innovaci\u00f3n y transferencia de tecnolog\u00eda.<\/p>\n<p>Asimismo, puntualiz\u00f3, que las universidades de Sonora respaldan, desde el sector acad\u00e9mico, las acciones que buscan proteger el cultivo de agave para la producci\u00f3n de esta bebida tradicional.<\/p>\n<p>La firma del convenio se llev\u00f3 a cabo durante la quinta edici\u00f3n del Festival Cultural \u201cMar\u00eda Bonita\u201d, realizado en el municipio de Quiriego, encabezado por el alcalde Fredi Renato Flores Campos.<\/p>\n","protected":false},"excerpt":{"rendered":"<p>Quiriego, Sonora; 6 de mayo de 2025.- Con el prop\u00f3sito de contribuir a los esfuerzos del Gobierno de Sonora para preservar la denominaci\u00f3n de origen del bacanora, la Universidad Tecnol\u00f3gica del Sur de Sonora (UTS) desarrollar\u00e1 una estrategia de trabajo en coordinaci\u00f3n con el Consejo Sonorense Regulador del Bacanora (CSRB). El rector de la UTS, [&hellip;]<\/p>\n","protected":false},"author":2,"featured_media":217192,"comment_status":"closed","ping_status":"closed","sticky":false,"template":"","format":"standard","meta":{"footnotes":""},"categories":[12870,174],"tags":[12865,12873],"class_list":["post-217191","post","type-post","status-publish","format-standard","has-post-thumbnail","hentry","category-destacadas","category-estatal","tag-destacadas","tag-estatal"],"jetpack_featured_media_url":"https:\/\/rnoticias.com.mx\/Portal\/wp-content\/uploads\/2025\/05\/unnamed-1-11.jpg","amp_enabled":true,"_links":{"self":[{"href":"https:\/\/rnoticias.com.mx\/Portal\/wp-json\/wp\/v2\/posts\/217191","targetHints":{"allow":["GET"]}}],"collection":[{"href":"https:\/\/rnoticias.com.mx\/Portal\/wp-json\/wp\/v2\/posts"}],"about":[{"href":"https:\/\/rnoticias.com.mx\/Portal\/wp-json\/wp\/v2\/types\/post"}],"author":[{"embeddable":true,"href":"https:\/\/rnoticias.com.mx\/Portal\/wp-json\/wp\/v2\/users\/2"}],"replies":[{"embeddable":true,"href":"https:\/\/rnoticias.com.mx\/Portal\/wp-json\/wp\/v2\/comments?post=217191"}],"version-history":[{"count":1,"href":"https:\/\/rnoticias.com.mx\/Portal\/wp-json\/wp\/v2\/posts\/217191\/revisions"}],"predecessor-version":[{"id":217193,"href":"https:\/\/rnoticias.com.mx\/Portal\/wp-json\/wp\/v2\/posts\/217191\/revisions\/217193"}],"wp:featuredmedia":[{"embeddable":true,"href":"https:\/\/rnoticias.com.mx\/Portal\/wp-json\/wp\/v2\/media\/217192"}],"wp:attachment":[{"href":"https:\/\/rnoticias.com.mx\/Portal\/wp-json\/wp\/v2\/media?parent=217191"}],"wp:term":[{"taxonomy":"category","embeddable":true,"href":"https:\/\/rnoticias.com.mx\/Portal\/wp-json\/wp\/v2\/categories?post=217191"},{"taxonomy":"post_tag","embeddable":true,"href":"https:\/\/rnoticias.com.mx\/Portal\/wp-json\/wp\/v2\/tags?post=217191"}],"curies":[{"name":"wp","href":"https:\/\/api.w.org\/{rel}","templated":true}]}}