{"id":217188,"date":"2025-05-06T19:37:12","date_gmt":"2025-05-06T19:37:12","guid":{"rendered":"https:\/\/rnoticias.com.mx\/Portal\/?p=217188"},"modified":"2025-05-06T19:37:12","modified_gmt":"2025-05-06T19:37:12","slug":"impulsa-gobierno-de-sonora-acciones-para-proteger-creaciones-intelectuales-itesca","status":"publish","type":"post","link":"https:\/\/rnoticias.com.mx\/Portal\/2025\/05\/06\/impulsa-gobierno-de-sonora-acciones-para-proteger-creaciones-intelectuales-itesca\/","title":{"rendered":"Impulsa Gobierno de Sonora acciones para proteger creaciones intelectuales: Itesca"},"content":{"rendered":"<p>Cajeme, Sonora, 6 de mayo de 2025.- Mediante la capacitaci\u00f3n de alumnos, docentes y personal administrativo, el Gobierno de Sonora, a trav\u00e9s del Instituto Tecnol\u00f3gico Superior de Cajeme (Itesca), promueve acciones para proteger las creaciones intelectuales aplicables en la industria y el comercio, destac\u00f3 Margarita V\u00e9lez de la Rocha.<\/p>\n<p>La directora general del Itesca inform\u00f3 que la comunidad acad\u00e9mica particip\u00f3 recientemente en la videoconferencia \u201cPropiedad industrial en la innovaci\u00f3n y proyectos tecnol\u00f3gicos\u2026 \u00bfHacia d\u00f3nde vamos?\u201d, organizada con el apoyo del Tecnol\u00f3gico Nacional de M\u00e9xico (TecNM).<\/p>\n<p>Detall\u00f3 que el experto en el tema, Osvaldo Olivo Sandoval, jefe del Centro de Patentamiento del Centro Regional de Optimizaci\u00f3n y Desarrollo de Equipo (CRODE) Chihuahua abord\u00f3 temas sobre innovaci\u00f3n y registro de marca.<\/p>\n<p>Explic\u00f3 que un Centro de Patentamiento es una unidad dedicada a la gesti\u00f3n de derechos en materia de propiedad industrial, que incluye la realizaci\u00f3n de b\u00fasquedas del estado de la t\u00e9cnica, redacci\u00f3n de patentes, modelos de utilidad o dise\u00f1os industriales, capacitaci\u00f3n de recursos humanos y asesor\u00edas, entre otras.<\/p>\n","protected":false},"excerpt":{"rendered":"<p>Cajeme, Sonora, 6 de mayo de 2025.- Mediante la capacitaci\u00f3n de alumnos, docentes y personal administrativo, el Gobierno de Sonora, a trav\u00e9s del Instituto Tecnol\u00f3gico Superior de Cajeme (Itesca), promueve acciones para proteger las creaciones intelectuales aplicables en la industria y el comercio, destac\u00f3 Margarita V\u00e9lez de la Rocha. La directora general del Itesca inform\u00f3 [&hellip;]<\/p>\n","protected":false},"author":2,"featured_media":217189,"comment_status":"closed","ping_status":"closed","sticky":false,"template":"","format":"standard","meta":{"footnotes":""},"categories":[174],"tags":[12873],"class_list":["post-217188","post","type-post","status-publish","format-standard","has-post-thumbnail","hentry","category-estatal","tag-estatal"],"jetpack_featured_media_url":"https:\/\/rnoticias.com.mx\/Portal\/wp-content\/uploads\/2025\/05\/unnamed-24.jpg","amp_enabled":true,"_links":{"self":[{"href":"https:\/\/rnoticias.com.mx\/Portal\/wp-json\/wp\/v2\/posts\/217188","targetHints":{"allow":["GET"]}}],"collection":[{"href":"https:\/\/rnoticias.com.mx\/Portal\/wp-json\/wp\/v2\/posts"}],"about":[{"href":"https:\/\/rnoticias.com.mx\/Portal\/wp-json\/wp\/v2\/types\/post"}],"author":[{"embeddable":true,"href":"https:\/\/rnoticias.com.mx\/Portal\/wp-json\/wp\/v2\/users\/2"}],"replies":[{"embeddable":true,"href":"https:\/\/rnoticias.com.mx\/Portal\/wp-json\/wp\/v2\/comments?post=217188"}],"version-history":[{"count":1,"href":"https:\/\/rnoticias.com.mx\/Portal\/wp-json\/wp\/v2\/posts\/217188\/revisions"}],"predecessor-version":[{"id":217190,"href":"https:\/\/rnoticias.com.mx\/Portal\/wp-json\/wp\/v2\/posts\/217188\/revisions\/217190"}],"wp:featuredmedia":[{"embeddable":true,"href":"https:\/\/rnoticias.com.mx\/Portal\/wp-json\/wp\/v2\/media\/217189"}],"wp:attachment":[{"href":"https:\/\/rnoticias.com.mx\/Portal\/wp-json\/wp\/v2\/media?parent=217188"}],"wp:term":[{"taxonomy":"category","embeddable":true,"href":"https:\/\/rnoticias.com.mx\/Portal\/wp-json\/wp\/v2\/categories?post=217188"},{"taxonomy":"post_tag","embeddable":true,"href":"https:\/\/rnoticias.com.mx\/Portal\/wp-json\/wp\/v2\/tags?post=217188"}],"curies":[{"name":"wp","href":"https:\/\/api.w.org\/{rel}","templated":true}]}}