{"id":217179,"date":"2025-05-06T12:47:19","date_gmt":"2025-05-06T12:47:19","guid":{"rendered":"https:\/\/rnoticias.com.mx\/Portal\/?p=217179"},"modified":"2025-05-06T12:47:19","modified_gmt":"2025-05-06T12:47:19","slug":"natanael-cano-desafia-al-gobierno-cantando-a-el-chapo-en-la-feria-de-san-marcos","status":"publish","type":"post","link":"https:\/\/rnoticias.com.mx\/Portal\/2025\/05\/06\/natanael-cano-desafia-al-gobierno-cantando-a-el-chapo-en-la-feria-de-san-marcos\/","title":{"rendered":"Natanael Cano &#8220;desaf\u00eda&#8221; al gobierno cantando a &#8220;El Chapo&#8221; en la Feria de San Marcos"},"content":{"rendered":"<p>La actuaci\u00f3n de Natanael Cano en el\u00a0<strong>Palenque de la Feria de San Marcos, en Aguascalientes,<\/strong>\u00a0se convirti\u00f3 en el centro de una nueva pol\u00e9mica\u00a0<mark>por la interpretaci\u00f3n de corridos considerados prohibidos,\u00a0<\/mark>a pesar de las advertencias expresas de las autoridades locales.<\/p>\n<p>El momento m\u00e1s tenso de la noche ocurri\u00f3 cuando el volumen del audio fue reducido de forma deliberada por los organizadores justo al inicio de la canci\u00f3n\u00a0<i>\u201cDe la codiciada\u201d.\u00a0<\/i>Sin embargo, el int\u00e9rprete decidi\u00f3 continuar con el tema, utilizando el sistema de sonido que hab\u00eda llevado su equipo t\u00e9cnico.\u00a0<mark>Una vez finalizada la canci\u00f3n, el cantante abandon\u00f3 el escenario, dando por concluido el espect\u00e1culo de manera abrupta.<\/mark><\/p>\n<p>Desde antes del concierto, la presentaci\u00f3n ya se perfilaba como un evento delicado, debido a las medidas restrictivas impuestas por el gobierno estatal.\u00a0<strong>La preocupaci\u00f3n de las autoridades era evidente, al punto de desplegar un operativo de seguridad en el que participaron fuerzas estatales y federales.\u00a0<\/strong>El propio secretario de Seguridad P\u00fablica del estado se hizo presente durante el show, evidenciando el nivel de alerta que rodeaba la actuaci\u00f3n del artista.<\/p>\n<p>La controversia se desat\u00f3 desde los primeros minutos del concierto. Fue en la segunda canci\u00f3n cuando Cano interpret\u00f3\u00a0<i>\u201cPacas de billetes\u201d,\u00a0<\/i>tema que\u00a0<mark>alude al n\u00famero 701, conocido por su relaci\u00f3n con Joaqu\u00edn \u201cEl Chapo\u201d Guzm\u00e1n.\u00a0<\/mark>Este tipo de canciones, debido a su contenido vinculado con el narcotr\u00e1fico, han sido catalogadas como\u00a0<strong>apolog\u00eda del delito y est\u00e1n prohibidas en varios estados del pa\u00eds.<\/strong><\/p>\n<p>Durante la presentaci\u00f3n, algunos asistentes pidieron que se interpretara\u00a0<i>\u201cCuerno azulado\u201d,<\/i>\u00a0otro de los temas restringidos. La respuesta del artista fue directa y desafiante:<i>\u00a0\u201cEsa p\u00eddanla a su gobierno\u201d,<\/i>\u00a0dijo con tono ir\u00f3nico. M\u00e1s tarde, remat\u00f3 con una frase que reforz\u00f3 su actitud ante las medidas: a \u00e9l<i>\u00a0\u201cle val\u00eda\u201d.<\/i><\/p>\n<p>Natanael Cano no solo desafi\u00f3 las disposiciones impuestas, sino que tambi\u00e9n aprovech\u00f3 el escenario para\u00a0<mark>expresar su desacuerdo con las pol\u00edticas de censura.<\/mark>\u00a0Esta postura, si bien celebrada por una parte de sus seguidores, ha sido criticada por sectores que cuestionan el impacto social de los corridos que glorifican figuras del crimen organizado.<\/p>\n<p>Cabe recordar que semanas antes del evento, el fiscal general del estado hab\u00eda advertido sobre<strong>\u00a0posibles sanciones legales en caso de que el cantante incumpliera las normativas.<\/strong>\u00a0No obstante, tras su actuaci\u00f3n, Cano abandon\u00f3 el lugar directamente rumbo al aeropuerto,\u00a0<strong>evitando as\u00ed cualquier interacci\u00f3n con las autoridades locales.<\/strong><\/p>\n<p>La actuaci\u00f3n del llamado\u00a0<i>\u201cPadre de los Corridos Tumbados\u201d<\/i>\u00a0ha reactivado la discusi\u00f3n p\u00fablica en torno a los l\u00edmites de la libertad art\u00edstica y la censura,\u00a0<strong>especialmente en contextos donde la seguridad y el contenido de las canciones pueden tener implicaciones m\u00e1s all\u00e1 del entretenimiento.<\/strong><\/p>\n","protected":false},"excerpt":{"rendered":"<p>La actuaci\u00f3n de Natanael Cano en el\u00a0Palenque de la Feria de San Marcos, en Aguascalientes,\u00a0se convirti\u00f3 en el centro de una nueva pol\u00e9mica\u00a0por la interpretaci\u00f3n de corridos considerados prohibidos,\u00a0a pesar de las advertencias expresas de las autoridades locales. El momento m\u00e1s tenso de la noche ocurri\u00f3 cuando el volumen del audio fue reducido de forma [&hellip;]<\/p>\n","protected":false},"author":2,"featured_media":217180,"comment_status":"closed","ping_status":"closed","sticky":false,"template":"","format":"standard","meta":{"footnotes":""},"categories":[12870,219],"tags":[12865,12875],"class_list":["post-217179","post","type-post","status-publish","format-standard","has-post-thumbnail","hentry","category-destacadas","category-espectaculos","tag-destacadas","tag-espectaculos"],"jetpack_featured_media_url":"https:\/\/rnoticias.com.mx\/Portal\/wp-content\/uploads\/2025\/05\/autoridades-analizan-cantante-incurrio-apologia.jpg","amp_enabled":true,"_links":{"self":[{"href":"https:\/\/rnoticias.com.mx\/Portal\/wp-json\/wp\/v2\/posts\/217179","targetHints":{"allow":["GET"]}}],"collection":[{"href":"https:\/\/rnoticias.com.mx\/Portal\/wp-json\/wp\/v2\/posts"}],"about":[{"href":"https:\/\/rnoticias.com.mx\/Portal\/wp-json\/wp\/v2\/types\/post"}],"author":[{"embeddable":true,"href":"https:\/\/rnoticias.com.mx\/Portal\/wp-json\/wp\/v2\/users\/2"}],"replies":[{"embeddable":true,"href":"https:\/\/rnoticias.com.mx\/Portal\/wp-json\/wp\/v2\/comments?post=217179"}],"version-history":[{"count":1,"href":"https:\/\/rnoticias.com.mx\/Portal\/wp-json\/wp\/v2\/posts\/217179\/revisions"}],"predecessor-version":[{"id":217181,"href":"https:\/\/rnoticias.com.mx\/Portal\/wp-json\/wp\/v2\/posts\/217179\/revisions\/217181"}],"wp:featuredmedia":[{"embeddable":true,"href":"https:\/\/rnoticias.com.mx\/Portal\/wp-json\/wp\/v2\/media\/217180"}],"wp:attachment":[{"href":"https:\/\/rnoticias.com.mx\/Portal\/wp-json\/wp\/v2\/media?parent=217179"}],"wp:term":[{"taxonomy":"category","embeddable":true,"href":"https:\/\/rnoticias.com.mx\/Portal\/wp-json\/wp\/v2\/categories?post=217179"},{"taxonomy":"post_tag","embeddable":true,"href":"https:\/\/rnoticias.com.mx\/Portal\/wp-json\/wp\/v2\/tags?post=217179"}],"curies":[{"name":"wp","href":"https:\/\/api.w.org\/{rel}","templated":true}]}}