{"id":217159,"date":"2025-05-06T02:03:21","date_gmt":"2025-05-06T02:03:21","guid":{"rendered":"https:\/\/rnoticias.com.mx\/Portal\/?p=217159"},"modified":"2025-05-06T02:03:21","modified_gmt":"2025-05-06T02:03:21","slug":"se-alcanza-el-70-por-ciento-de-control-en-incendio-forestal-en-nacori-chico","status":"publish","type":"post","link":"https:\/\/rnoticias.com.mx\/Portal\/2025\/05\/06\/se-alcanza-el-70-por-ciento-de-control-en-incendio-forestal-en-nacori-chico\/","title":{"rendered":"Se alcanza el 70 por ciento de control en incendio forestal en N\u00e1cori Chico"},"content":{"rendered":"<p>Este lunes siguieron los avances en la lucha contra las llamas, y se alcanz\u00f3 un 70 por ciento de control y un 50 por ciento de liquidaci\u00f3n en el incendio forestal, en el predio Los Mojones en N\u00e1cori Chico.<\/p>\n<p>Personal de la Comisi\u00f3n Nacional Forestal (Conafor), de la Secretar\u00eda de la Defensa, de la Brigada Estatal de Manejo de Fuego de Sagarhpa y Protecci\u00f3n Civil Sonora, de la Direcci\u00f3n de Atenci\u00f3n a Emergencias y Desastres de la Coordinaci\u00f3n Estatal de Protecci\u00f3n Civil (CEPC), as\u00ed como voluntarios siguen con sus actividades de lucha contra el incendio.<\/p>\n<p>Este d\u00eda los brigadistas trabajaron incansablemente, bajo condiciones de lluvia y ca\u00edda de agua nieve.<\/p>\n<p>Por otra parte, en el incendio forestal en el municipio de Bavispe, en el \u00e1rea Los Caballos, se reporta con un 90% de control y 75% de liquidaci\u00f3n.<\/p>\n<p>En el municipio de Y\u00e9cora, en la zona de Mesa Grande, hay un incendio forestal con<br \/>\n35% de control y 20% de liquidaci\u00f3n.<\/p>\n<p>En el municipio de Y\u00e9cora, en la zona de El Llano, se cuenta con un<br \/>\n30% control y un 15% de liquidaci\u00f3n, en el incendio forestal que ah\u00ed se presenta.<\/p>\n<p>En la atenci\u00f3n de estos incendios trabaja personal de la Comisi\u00f3n Nacional de \u00c1reas Naturales Protegidas (Conanp) y de Conafor.<\/p>\n","protected":false},"excerpt":{"rendered":"<p>Este lunes siguieron los avances en la lucha contra las llamas, y se alcanz\u00f3 un 70 por ciento de control y un 50 por ciento de liquidaci\u00f3n en el incendio forestal, en el predio Los Mojones en N\u00e1cori Chico. Personal de la Comisi\u00f3n Nacional Forestal (Conafor), de la Secretar\u00eda de la Defensa, de la Brigada [&hellip;]<\/p>\n","protected":false},"author":2,"featured_media":217160,"comment_status":"closed","ping_status":"closed","sticky":false,"template":"","format":"standard","meta":{"footnotes":""},"categories":[12870,174],"tags":[12865,12873],"class_list":["post-217159","post","type-post","status-publish","format-standard","has-post-thumbnail","hentry","category-destacadas","category-estatal","tag-destacadas","tag-estatal"],"jetpack_featured_media_url":"https:\/\/rnoticias.com.mx\/Portal\/wp-content\/uploads\/2025\/05\/alcanza-50-de-control-en-incendio-forestal-en-nacori-chico-620235.jpg","amp_enabled":true,"_links":{"self":[{"href":"https:\/\/rnoticias.com.mx\/Portal\/wp-json\/wp\/v2\/posts\/217159","targetHints":{"allow":["GET"]}}],"collection":[{"href":"https:\/\/rnoticias.com.mx\/Portal\/wp-json\/wp\/v2\/posts"}],"about":[{"href":"https:\/\/rnoticias.com.mx\/Portal\/wp-json\/wp\/v2\/types\/post"}],"author":[{"embeddable":true,"href":"https:\/\/rnoticias.com.mx\/Portal\/wp-json\/wp\/v2\/users\/2"}],"replies":[{"embeddable":true,"href":"https:\/\/rnoticias.com.mx\/Portal\/wp-json\/wp\/v2\/comments?post=217159"}],"version-history":[{"count":1,"href":"https:\/\/rnoticias.com.mx\/Portal\/wp-json\/wp\/v2\/posts\/217159\/revisions"}],"predecessor-version":[{"id":217161,"href":"https:\/\/rnoticias.com.mx\/Portal\/wp-json\/wp\/v2\/posts\/217159\/revisions\/217161"}],"wp:featuredmedia":[{"embeddable":true,"href":"https:\/\/rnoticias.com.mx\/Portal\/wp-json\/wp\/v2\/media\/217160"}],"wp:attachment":[{"href":"https:\/\/rnoticias.com.mx\/Portal\/wp-json\/wp\/v2\/media?parent=217159"}],"wp:term":[{"taxonomy":"category","embeddable":true,"href":"https:\/\/rnoticias.com.mx\/Portal\/wp-json\/wp\/v2\/categories?post=217159"},{"taxonomy":"post_tag","embeddable":true,"href":"https:\/\/rnoticias.com.mx\/Portal\/wp-json\/wp\/v2\/tags?post=217159"}],"curies":[{"name":"wp","href":"https:\/\/api.w.org\/{rel}","templated":true}]}}