{"id":217156,"date":"2025-05-06T02:02:20","date_gmt":"2025-05-06T02:02:20","guid":{"rendered":"https:\/\/rnoticias.com.mx\/Portal\/?p=217156"},"modified":"2025-05-06T02:02:20","modified_gmt":"2025-05-06T02:02:20","slug":"gobierno-de-sonora-impulsa-el-emprendimiento-y-el-arte-joven-con-el-bazar-cultural-del-instituto-sonorense-de-la-juventud","status":"publish","type":"post","link":"https:\/\/rnoticias.com.mx\/Portal\/2025\/05\/06\/gobierno-de-sonora-impulsa-el-emprendimiento-y-el-arte-joven-con-el-bazar-cultural-del-instituto-sonorense-de-la-juventud\/","title":{"rendered":"Gobierno de Sonora impulsa el emprendimiento y el arte joven con el Bazar Cultural del Instituto Sonorense de la Juventud"},"content":{"rendered":"<p>Hermosillo, Sonora; 5 de mayo de 2025.\u2013 El Gobierno de Sonora, a trav\u00e9s del Instituto Sonorense de la Juventud (ISJ), llev\u00f3 a cabo con gran \u00e9xito una edici\u00f3n m\u00e1s del Bazar Cultural.<\/p>\n<p>Rebeca Valenzuela \u00c1lvarez, directora general del ISJ, inform\u00f3 que en esta ocasi\u00f3n se registraron m\u00e1s de 120 emprendedores, quienes ofrecieron una amplia variedad de productos como ropa, accesorios, alimentos, arte, artesan\u00edas, entre otros.<\/p>\n<p>Adem\u00e1s, destac\u00f3 que el Bazar Cultural cuenta con un escenario abierto al talento local, a trav\u00e9s del espacio de \u201cmicr\u00f3fono abierto\u201d, en el cual se presentaron artistas como Roger Forest, Ale Sol, Miranda Constanza, Yamel Le\u00f3n y el rapero MR.<\/p>\n<p>\u201cEs para nosotros muy importante brindar los espacios que nuestras juventudes necesitan; por ello, a trav\u00e9s del programa Xpr\u00e9sate llevamos a cabo el Bazar Cultural, con el que damos respuesta a nuestros j\u00f3venes emprendedores que solicitaron un espacio gratuito para ofrecer sus productos\u201d, coment\u00f3.<\/p>\n<p>Valenzuela \u00c1lvarez subray\u00f3 que esta fue la cuarta edici\u00f3n del Bazar Cultural, sumando ya la participaci\u00f3n de m\u00e1s de 300 emprendedores y cerca de 30 talentos juveniles.<\/p>\n<p>Todo esto se realiza en las instalaciones del Instituto Sonorense de la Juventud, sin ning\u00fan costo para las y los participantes.<\/p>\n<p>Para conocer las pr\u00f3ximas ediciones de este evento, se invita a seguir las redes sociales del ISJ o enviar un mensaje de WhatsApp al n\u00famero 662 444 7742.<\/p>\n","protected":false},"excerpt":{"rendered":"<p>Hermosillo, Sonora; 5 de mayo de 2025.\u2013 El Gobierno de Sonora, a trav\u00e9s del Instituto Sonorense de la Juventud (ISJ), llev\u00f3 a cabo con gran \u00e9xito una edici\u00f3n m\u00e1s del Bazar Cultural. Rebeca Valenzuela \u00c1lvarez, directora general del ISJ, inform\u00f3 que en esta ocasi\u00f3n se registraron m\u00e1s de 120 emprendedores, quienes ofrecieron una amplia variedad [&hellip;]<\/p>\n","protected":false},"author":2,"featured_media":217157,"comment_status":"closed","ping_status":"closed","sticky":false,"template":"","format":"standard","meta":{"footnotes":""},"categories":[12870,178],"tags":[12865,12869],"class_list":["post-217156","post","type-post","status-publish","format-standard","has-post-thumbnail","hentry","category-destacadas","category-local","tag-destacadas","tag-local"],"jetpack_featured_media_url":"https:\/\/rnoticias.com.mx\/Portal\/wp-content\/uploads\/2025\/05\/unnamed-23.jpg","amp_enabled":true,"_links":{"self":[{"href":"https:\/\/rnoticias.com.mx\/Portal\/wp-json\/wp\/v2\/posts\/217156","targetHints":{"allow":["GET"]}}],"collection":[{"href":"https:\/\/rnoticias.com.mx\/Portal\/wp-json\/wp\/v2\/posts"}],"about":[{"href":"https:\/\/rnoticias.com.mx\/Portal\/wp-json\/wp\/v2\/types\/post"}],"author":[{"embeddable":true,"href":"https:\/\/rnoticias.com.mx\/Portal\/wp-json\/wp\/v2\/users\/2"}],"replies":[{"embeddable":true,"href":"https:\/\/rnoticias.com.mx\/Portal\/wp-json\/wp\/v2\/comments?post=217156"}],"version-history":[{"count":1,"href":"https:\/\/rnoticias.com.mx\/Portal\/wp-json\/wp\/v2\/posts\/217156\/revisions"}],"predecessor-version":[{"id":217158,"href":"https:\/\/rnoticias.com.mx\/Portal\/wp-json\/wp\/v2\/posts\/217156\/revisions\/217158"}],"wp:featuredmedia":[{"embeddable":true,"href":"https:\/\/rnoticias.com.mx\/Portal\/wp-json\/wp\/v2\/media\/217157"}],"wp:attachment":[{"href":"https:\/\/rnoticias.com.mx\/Portal\/wp-json\/wp\/v2\/media?parent=217156"}],"wp:term":[{"taxonomy":"category","embeddable":true,"href":"https:\/\/rnoticias.com.mx\/Portal\/wp-json\/wp\/v2\/categories?post=217156"},{"taxonomy":"post_tag","embeddable":true,"href":"https:\/\/rnoticias.com.mx\/Portal\/wp-json\/wp\/v2\/tags?post=217156"}],"curies":[{"name":"wp","href":"https:\/\/api.w.org\/{rel}","templated":true}]}}