{"id":217041,"date":"2025-05-03T23:14:09","date_gmt":"2025-05-03T23:14:09","guid":{"rendered":"https:\/\/rnoticias.com.mx\/Portal\/?p=217041"},"modified":"2025-05-03T23:14:09","modified_gmt":"2025-05-03T23:14:09","slug":"acerca-gobierno-de-sonora-oferta-educativa-de-preparatoria-a-alumnado-que-egresara-de-secundaria-froylan-gamez","status":"publish","type":"post","link":"https:\/\/rnoticias.com.mx\/Portal\/2025\/05\/03\/acerca-gobierno-de-sonora-oferta-educativa-de-preparatoria-a-alumnado-que-egresara-de-secundaria-froylan-gamez\/","title":{"rendered":"Acerca Gobierno de Sonora oferta educativa de preparatoria a alumnado que egresar\u00e1 de secundaria: Froyl\u00e1n G\u00e1mez"},"content":{"rendered":"<p>Hermosillo, Sonora; 3 de mayo de 2025.- Con el objetivo de que el alumnado pr\u00f3ximo a egresar de tercer grado de secundaria conozca las instituciones de nivel medio superior donde puede continuar sus estudios, as\u00ed como la oferta educativa con la que cuentan, la Secretar\u00eda de Educaci\u00f3n y Cultura (SEC) organiza las ferias Expo Orienta.<\/p>\n<p>El titular de la SEC, Froyl\u00e1n G\u00e1mez Gamboa, detall\u00f3 que esta actividad se program\u00f3 para realizarse en distintos municipios de la entidad, como Hermosillo, Cajeme, Nogales, entre otros, con la colaboraci\u00f3n de diversas instituciones y subsistemas educativos.<\/p>\n<p>Explic\u00f3 que, durante las jornadas, las y los estudiantes tambi\u00e9n reciben informaci\u00f3n sobre alternativas de capacitaci\u00f3n para el trabajo y opciones de preparatoria en modalidad abierta, con el prop\u00f3sito de que cuenten con los elementos necesarios para tomar la mejor decisi\u00f3n respecto a su futuro acad\u00e9mico y elijan donde continuar sus estudios.<\/p>\n<p>G\u00e1mez\u00a0Gamboa precis\u00f3 que en cada escuela secundaria que se visita participan instituciones como\u00a0Cobach,\u00a0Cecyte, Conalep, DGETI,\u00a0Dgetaycm, prepa\u00a0ISEA,\u00a0DGB,\u00a0Cedart-Inbal,\u00a0BTED,\u00a0Ibcees\u00a0y\u00a0Cecati-CAED, as\u00ed como planteles particulares, entre otras, que se suman al compromiso del Gobierno de Sonora de garantizar una educaci\u00f3n media superior universal, inclusiva y de excelencia.<\/p>\n<p>A\u00f1adi\u00f3 que, a trav\u00e9s del portal\u00a0<a href=\"http:\/\/prepason.sonora.edu.mx\/\" target=\"_blank\" rel=\"noopener\" data-saferedirecturl=\"https:\/\/www.google.com\/url?q=http:\/\/prepason.sonora.edu.mx&amp;source=gmail&amp;ust=1746396941101000&amp;usg=AOvVaw2rft9PD_l-fCGTMpK0m396\">prepason.sonora.edu.mx<\/a>, tambi\u00e9n podr\u00e1n consultar la oferta educativa de dichas instituciones, e invit\u00f3 a quienes a\u00fan no lo han hecho a registrarse en la convocatoria de ingreso\u00a0Prepason\u00a02025-2026, la cual concluye el pr\u00f3ximo 15 de mayo.<\/p>\n","protected":false},"excerpt":{"rendered":"<p>Hermosillo, Sonora; 3 de mayo de 2025.- Con el objetivo de que el alumnado pr\u00f3ximo a egresar de tercer grado de secundaria conozca las instituciones de nivel medio superior donde puede continuar sus estudios, as\u00ed como la oferta educativa con la que cuentan, la Secretar\u00eda de Educaci\u00f3n y Cultura (SEC) organiza las ferias Expo Orienta. [&hellip;]<\/p>\n","protected":false},"author":2,"featured_media":217043,"comment_status":"closed","ping_status":"closed","sticky":false,"template":"","format":"standard","meta":{"footnotes":""},"categories":[12870,178],"tags":[12865,12869],"class_list":["post-217041","post","type-post","status-publish","format-standard","has-post-thumbnail","hentry","category-destacadas","category-local","tag-destacadas","tag-local"],"jetpack_featured_media_url":"https:\/\/rnoticias.com.mx\/Portal\/wp-content\/uploads\/2025\/05\/unnamed-19-1.jpg","amp_enabled":true,"_links":{"self":[{"href":"https:\/\/rnoticias.com.mx\/Portal\/wp-json\/wp\/v2\/posts\/217041","targetHints":{"allow":["GET"]}}],"collection":[{"href":"https:\/\/rnoticias.com.mx\/Portal\/wp-json\/wp\/v2\/posts"}],"about":[{"href":"https:\/\/rnoticias.com.mx\/Portal\/wp-json\/wp\/v2\/types\/post"}],"author":[{"embeddable":true,"href":"https:\/\/rnoticias.com.mx\/Portal\/wp-json\/wp\/v2\/users\/2"}],"replies":[{"embeddable":true,"href":"https:\/\/rnoticias.com.mx\/Portal\/wp-json\/wp\/v2\/comments?post=217041"}],"version-history":[{"count":1,"href":"https:\/\/rnoticias.com.mx\/Portal\/wp-json\/wp\/v2\/posts\/217041\/revisions"}],"predecessor-version":[{"id":217044,"href":"https:\/\/rnoticias.com.mx\/Portal\/wp-json\/wp\/v2\/posts\/217041\/revisions\/217044"}],"wp:featuredmedia":[{"embeddable":true,"href":"https:\/\/rnoticias.com.mx\/Portal\/wp-json\/wp\/v2\/media\/217043"}],"wp:attachment":[{"href":"https:\/\/rnoticias.com.mx\/Portal\/wp-json\/wp\/v2\/media?parent=217041"}],"wp:term":[{"taxonomy":"category","embeddable":true,"href":"https:\/\/rnoticias.com.mx\/Portal\/wp-json\/wp\/v2\/categories?post=217041"},{"taxonomy":"post_tag","embeddable":true,"href":"https:\/\/rnoticias.com.mx\/Portal\/wp-json\/wp\/v2\/tags?post=217041"}],"curies":[{"name":"wp","href":"https:\/\/api.w.org\/{rel}","templated":true}]}}