{"id":217037,"date":"2025-05-03T22:18:11","date_gmt":"2025-05-03T22:18:11","guid":{"rendered":"https:\/\/rnoticias.com.mx\/Portal\/?p=217037"},"modified":"2025-05-03T22:18:11","modified_gmt":"2025-05-03T22:18:11","slug":"arranca-gobierno-de-sonora-medico-en-casa-de-isssteson-en-guaymas-y-empalme","status":"publish","type":"post","link":"https:\/\/rnoticias.com.mx\/Portal\/2025\/05\/03\/arranca-gobierno-de-sonora-medico-en-casa-de-isssteson-en-guaymas-y-empalme\/","title":{"rendered":"Arranca Gobierno de Sonora \u201cM\u00e9dico en Casa\u201d de Isssteson en Guaymas y Empalme"},"content":{"rendered":"<p>Hermosillo, Sonora; 3 de mayo de 2025.- En coordinaci\u00f3n con la Secci\u00f3n 54 del SNTE, el Instituto de Seguridad y Servicios Sociales de los Trabajadores del Estado de Sonora (Isssteson) inici\u00f3 el programa \u201cM\u00e9dico en Casa\u201d en la regi\u00f3n de Guaymas y Empalme, ampliando as\u00ed su cobertura a nueve ciudades: Hermosillo, Cajeme, Navojoa, Huatabampo, Cananea, Agua Prieta, Naco, Guaymas y Empalme.<\/p>\n<p>Con el respaldo del gobernador Alfonso Durazo Monta\u00f1o, este programa comenz\u00f3 en marzo de 2023 con el objetivo de llevar servicios de consulta m\u00e9dica, nutrici\u00f3n, psicolog\u00eda y fisioterapia directamente al hogar de derechohabientes que, por condiciones de salud, no pueden trasladarse con facilidad a su CIAS, m\u00f3dulo u hospital correspondiente.<\/p>\n<p>El secretario de Gobierno, Adolfo Salazar Razo; el director general de\u00a0Isssteson, Luis Alonso Osuna Cota; y el dirigente de la Secci\u00f3n 54 del SNTE, Javier Ceballos Corral, acompa\u00f1ados por la presidenta municipal del puerto, Karla C\u00f3rdova Gonz\u00e1lez, e invitados especiales, dieron inicio oficial al programa en el Hospital de\u00a0Isssteson\u00a0en Guaymas, donde se capacit\u00f3 al personal de salud que encabezar\u00e1 las acciones en esta regi\u00f3n.<\/p>\n<p>Como parte de este programa, la Secci\u00f3n 54 del SNTE dot\u00f3 a\u00a0Isssteson\u00a0con equipamiento, incluyendo veh\u00edculo, computadora, equipo m\u00e9dico y otros insumos para la atenci\u00f3n domiciliaria.<\/p>\n<p>En dos a\u00f1os, \u201cM\u00e9dico en Casa\u201d ha brindado un total de 15 mil 426 servicios en las ciudades donde se encuentra activo.<\/p>\n","protected":false},"excerpt":{"rendered":"<p>Hermosillo, Sonora; 3 de mayo de 2025.- En coordinaci\u00f3n con la Secci\u00f3n 54 del SNTE, el Instituto de Seguridad y Servicios Sociales de los Trabajadores del Estado de Sonora (Isssteson) inici\u00f3 el programa \u201cM\u00e9dico en Casa\u201d en la regi\u00f3n de Guaymas y Empalme, ampliando as\u00ed su cobertura a nueve ciudades: Hermosillo, Cajeme, Navojoa, Huatabampo, Cananea, [&hellip;]<\/p>\n","protected":false},"author":2,"featured_media":217038,"comment_status":"closed","ping_status":"closed","sticky":false,"template":"","format":"standard","meta":{"footnotes":""},"categories":[12870,174],"tags":[12865,12873],"class_list":["post-217037","post","type-post","status-publish","format-standard","has-post-thumbnail","hentry","category-destacadas","category-estatal","tag-destacadas","tag-estatal"],"jetpack_featured_media_url":"https:\/\/rnoticias.com.mx\/Portal\/wp-content\/uploads\/2025\/05\/unnamed-16.jpg","amp_enabled":true,"_links":{"self":[{"href":"https:\/\/rnoticias.com.mx\/Portal\/wp-json\/wp\/v2\/posts\/217037","targetHints":{"allow":["GET"]}}],"collection":[{"href":"https:\/\/rnoticias.com.mx\/Portal\/wp-json\/wp\/v2\/posts"}],"about":[{"href":"https:\/\/rnoticias.com.mx\/Portal\/wp-json\/wp\/v2\/types\/post"}],"author":[{"embeddable":true,"href":"https:\/\/rnoticias.com.mx\/Portal\/wp-json\/wp\/v2\/users\/2"}],"replies":[{"embeddable":true,"href":"https:\/\/rnoticias.com.mx\/Portal\/wp-json\/wp\/v2\/comments?post=217037"}],"version-history":[{"count":1,"href":"https:\/\/rnoticias.com.mx\/Portal\/wp-json\/wp\/v2\/posts\/217037\/revisions"}],"predecessor-version":[{"id":217040,"href":"https:\/\/rnoticias.com.mx\/Portal\/wp-json\/wp\/v2\/posts\/217037\/revisions\/217040"}],"wp:featuredmedia":[{"embeddable":true,"href":"https:\/\/rnoticias.com.mx\/Portal\/wp-json\/wp\/v2\/media\/217038"}],"wp:attachment":[{"href":"https:\/\/rnoticias.com.mx\/Portal\/wp-json\/wp\/v2\/media?parent=217037"}],"wp:term":[{"taxonomy":"category","embeddable":true,"href":"https:\/\/rnoticias.com.mx\/Portal\/wp-json\/wp\/v2\/categories?post=217037"},{"taxonomy":"post_tag","embeddable":true,"href":"https:\/\/rnoticias.com.mx\/Portal\/wp-json\/wp\/v2\/tags?post=217037"}],"curies":[{"name":"wp","href":"https:\/\/api.w.org\/{rel}","templated":true}]}}