{"id":217028,"date":"2025-05-03T18:26:58","date_gmt":"2025-05-03T18:26:58","guid":{"rendered":"https:\/\/rnoticias.com.mx\/Portal\/?p=217028"},"modified":"2025-05-03T18:26:58","modified_gmt":"2025-05-03T18:26:58","slug":"buscan-una-avioneta-que-desaparecio-en-la-amazonia-de-bolivia-con-cinco-pasajeros","status":"publish","type":"post","link":"https:\/\/rnoticias.com.mx\/Portal\/2025\/05\/03\/buscan-una-avioneta-que-desaparecio-en-la-amazonia-de-bolivia-con-cinco-pasajeros\/","title":{"rendered":"Buscan una avioneta que desapareci\u00f3 en la Amazon\u00eda de Bolivia con cinco pasajeros"},"content":{"rendered":"<p class=\"ei-articleBody__StyledText-sc-1wmd47a-1 gXgyFY body-paragraph ei-article-body-text\">Autoridades en Bolivia redoblan esfuerzos para localizar una avioneta Cessna 172CP que desapareci\u00f3 el mi\u00e9rcoles en\u00a0<b>la regi\u00f3n amaz\u00f3nica de Beni.<\/b><\/p>\n<p class=\"ei-articleBody__StyledText-sc-1wmd47a-1 gXgyFY body-paragraph ei-article-body-text\">Seg\u00fan EFE, a bordo viajaban cinco personas, incluido un menor, seg\u00fan confirm\u00f3<b>\u00a0la Direcci\u00f3n General de Aeron\u00e1utica Civil (DGAC).<\/b><\/p>\n<p class=\"ei-articleBody__StyledText-sc-1wmd47a-1 gXgyFY body-paragraph ei-article-body-text\">El vuelo, que cubr\u00eda la ruta entre Baures y Trinidad, perdi\u00f3 contacto cerca de las 13:00 hora local (17:00 GMT).<\/p>\n<div class=\"ei-recommendedCard__RecommendedCardContainer-sc-1walexe-0 iVyGSc ei-recommended-card-container\">\n<p class=\"ei-articleBody__StyledText-sc-1wmd47a-1 gXgyFY body-paragraph ei-article-body-text\">Minutos antes, el piloto hab\u00eda declarado emergencia. La DGAC asegur\u00f3 que<b>\u00a0<\/b><b>la aeronave<\/b><b>\u00a0no presentaba problemas con sus certificados.<\/b><\/p>\n<h2 class=\"ei-articleBodyHeading__StyledHeading-sc-11axkf8-0 ksJtGZ ei-heading\">Coordenadas en espera<\/h2>\n<p class=\"ei-articleBody__StyledText-sc-1wmd47a-1 gXgyFY body-paragraph ei-article-body-text\">El Viceministerio de\u00a0Defensa Civil\u00a0indic\u00f3 en un comunicado que \u201cse tendr\u00edan las coordenadas\u201d del sitio donde habr\u00eda ca\u00eddo\u00a0<b>la avioneta, pero advirti\u00f3 que \u201cse aguarda con prudencia que se pueda verificar esta informaci\u00f3n\u201d.<\/b><\/p>\n<p class=\"ei-articleBody__StyledText-sc-1wmd47a-1 gXgyFY body-paragraph ei-article-body-text\">Mientras tanto, el comandante de la Quinta Brigada A\u00e9rea de Beni, Wenceslao Montero, inform\u00f3 a\u00a0<b>Bolivia TV\u00a0<\/b>que \u201cse activaron todos los protocolos para realizar la b\u00fasqueda en los probables puntos\u201d del siniestro.<\/p>\n<h2 class=\"ei-articleBodyHeading__StyledHeading-sc-11axkf8-0 ksJtGZ ei-heading\">Vuelo humanitario<\/h2>\n<p class=\"ei-articleBody__StyledText-sc-1wmd47a-1 gXgyFY body-paragraph ei-article-body-text\">Un familiar de los desaparecidos revel\u00f3 que el viaje ten\u00eda un fin urgente: atender \u201cun tema de enfermedad\u201d para trasladar a los pasajeros desde Baures hasta Trinidad.<\/p>\n<p class=\"ei-articleBody__StyledText-sc-1wmd47a-1 gXgyFY body-paragraph ei-article-body-text\">La ruta terrestre en esa zona boscosa abarca 394 kil\u00f3metros y puede durar 10 horas,<b>\u00a0un trayecto que se acorta significativamente en avioneta.<\/b><\/p>\n<h2 class=\"ei-articleBodyHeading__StyledHeading-sc-11axkf8-0 ksJtGZ ei-heading\">Respuesta presidencial<\/h2>\n<p class=\"ei-articleBody__StyledText-sc-1wmd47a-1 gXgyFY body-paragraph ei-article-body-text\">El presidente Luis Arce anunci\u00f3 en redes sociales que orden\u00f3 \u201cel despliegue inmediato de un operativo de b\u00fasqueda y rescate\u201d.<\/p>\n<p class=\"ei-articleBody__StyledText-sc-1wmd47a-1 gXgyFY body-paragraph ei-article-body-text\">Reafirm\u00f3 su compromiso con una \u201catenci\u00f3n r\u00e1pida\u201d ante emergencias,\u00a0<b>mientras equipos de rescate recorren la densa\u00a0<\/b><b>selva<\/b><b>\u00a0beniana.<\/b><\/p>\n<\/div>\n","protected":false},"excerpt":{"rendered":"<p>Autoridades en Bolivia redoblan esfuerzos para localizar una avioneta Cessna 172CP que desapareci\u00f3 el mi\u00e9rcoles en\u00a0la regi\u00f3n amaz\u00f3nica de Beni. Seg\u00fan EFE, a bordo viajaban cinco personas, incluido un menor, seg\u00fan confirm\u00f3\u00a0la Direcci\u00f3n General de Aeron\u00e1utica Civil (DGAC). El vuelo, que cubr\u00eda la ruta entre Baures y Trinidad, perdi\u00f3 contacto cerca de las 13:00 hora [&hellip;]<\/p>\n","protected":false},"author":2,"featured_media":217029,"comment_status":"closed","ping_status":"closed","sticky":false,"template":"","format":"standard","meta":{"footnotes":""},"categories":[12870,182],"tags":[12865,12871],"class_list":["post-217028","post","type-post","status-publish","format-standard","has-post-thumbnail","hentry","category-destacadas","category-internacional","tag-destacadas","tag-internacional"],"jetpack_featured_media_url":"https:\/\/rnoticias.com.mx\/Portal\/wp-content\/uploads\/2025\/05\/Avioneta-Bolivia_0.jpeg","amp_enabled":true,"_links":{"self":[{"href":"https:\/\/rnoticias.com.mx\/Portal\/wp-json\/wp\/v2\/posts\/217028","targetHints":{"allow":["GET"]}}],"collection":[{"href":"https:\/\/rnoticias.com.mx\/Portal\/wp-json\/wp\/v2\/posts"}],"about":[{"href":"https:\/\/rnoticias.com.mx\/Portal\/wp-json\/wp\/v2\/types\/post"}],"author":[{"embeddable":true,"href":"https:\/\/rnoticias.com.mx\/Portal\/wp-json\/wp\/v2\/users\/2"}],"replies":[{"embeddable":true,"href":"https:\/\/rnoticias.com.mx\/Portal\/wp-json\/wp\/v2\/comments?post=217028"}],"version-history":[{"count":1,"href":"https:\/\/rnoticias.com.mx\/Portal\/wp-json\/wp\/v2\/posts\/217028\/revisions"}],"predecessor-version":[{"id":217030,"href":"https:\/\/rnoticias.com.mx\/Portal\/wp-json\/wp\/v2\/posts\/217028\/revisions\/217030"}],"wp:featuredmedia":[{"embeddable":true,"href":"https:\/\/rnoticias.com.mx\/Portal\/wp-json\/wp\/v2\/media\/217029"}],"wp:attachment":[{"href":"https:\/\/rnoticias.com.mx\/Portal\/wp-json\/wp\/v2\/media?parent=217028"}],"wp:term":[{"taxonomy":"category","embeddable":true,"href":"https:\/\/rnoticias.com.mx\/Portal\/wp-json\/wp\/v2\/categories?post=217028"},{"taxonomy":"post_tag","embeddable":true,"href":"https:\/\/rnoticias.com.mx\/Portal\/wp-json\/wp\/v2\/tags?post=217028"}],"curies":[{"name":"wp","href":"https:\/\/api.w.org\/{rel}","templated":true}]}}