{"id":217019,"date":"2025-05-03T18:22:18","date_gmt":"2025-05-03T18:22:18","guid":{"rendered":"https:\/\/rnoticias.com.mx\/Portal\/?p=217019"},"modified":"2025-05-03T18:22:18","modified_gmt":"2025-05-03T18:22:18","slug":"primera-eleccion-del-poder-judicial-genera-gran-interes-a-nivel-internacional-uniore","status":"publish","type":"post","link":"https:\/\/rnoticias.com.mx\/Portal\/2025\/05\/03\/primera-eleccion-del-poder-judicial-genera-gran-interes-a-nivel-internacional-uniore\/","title":{"rendered":"Primera elecci\u00f3n del Poder Judicial genera gran inter\u00e9s a nivel internacional: UNIORE"},"content":{"rendered":"<p class=\"x_MsoNormal\"><span data-olk-copy-source=\"MessageBody\">El Instituto Nacional Electoral (INE) recibi\u00f3 a la primera visita de la Misi\u00f3n de Acompa\u00f1amiento Internacional de la Uni\u00f3n Interamericana de Organismos Electorales (UNIORE), en el marco del Proceso Electoral Extraordinario para la elecci\u00f3n de diversos cargos del Poder Judicial de la Federaci\u00f3n (PEEPJF) 2024-2025.<\/span><\/p>\n<p class=\"x_MsoNormal\">\n<p class=\"x_MsoNormal\">Del 28 de abril al 2 de mayo, la misi\u00f3n de la UNIORE, que re\u00fane a autoridades electorales de Am\u00e9rica Latina, evalu\u00f3 el proceso electoral en curso con el compromiso de acompa\u00f1ar cada fase con una mirada t\u00e9cnica, con rigor, e imparcialidad para custodiar la voluntad popular.<\/p>\n<p class=\"x_MsoNormal\">\n<p class=\"x_MsoNormal\">\u201cLa democracia no s\u00f3lo se defiende en las urnas, tambi\u00e9n se defiende con t\u00e9cnica, con \u00e9tica y con presencia\u201d, sostuvo en conferencia de prensa, el jefe de la misi\u00f3n, C\u00e9sar Emilio Rossel.<\/p>\n<p class=\"x_MsoNormal\">\n<p class=\"x_MsoNormal\">El tambi\u00e9n Ministro del Tribunal Superior de Justicia Electoral (TSJE) de la Rep\u00fablica de Paraguay, asegur\u00f3 que la primera elecci\u00f3n del Poder Judicial de la Federaci\u00f3n en M\u00e9xico ser\u00e1 importante e interesante para la regi\u00f3n, \u201cmarcar\u00e1 un antes y un despu\u00e9s, ser\u00e1 una de las elecciones m\u00e1s observadas por el mundo\u201d.<\/p>\n<p class=\"x_MsoNormal\">\n<p class=\"x_MsoNormal\">Subray\u00f3 que se trata de una elecci\u00f3n in\u00e9dita, en la que el INE se enfrenta a desaf\u00edos como el presupuesto, el poco tiempo, la log\u00edstica, el Padr\u00f3n Electoral, el financiamiento pol\u00edtico, la forma de informar, el dise\u00f1o de las boletas, el escrutinio y c\u00f3mputo, la capacitaci\u00f3n y \u201cel punto clave ser\u00e1 la participaci\u00f3n ciudadana que legitime el proceso electoral y esperamos que sea mucha\u201d.<\/p>\n<p class=\"x_MsoNormal\">\n<p class=\"x_MsoNormal\">Consider\u00f3 que no es un proceso electoral m\u00e1s, sino que \u201cse trata de un paso importante que requiere vigilancia, experiencia y altura institucional\u201d, por lo que durante la estad\u00eda de la misi\u00f3n en el pa\u00eds, comprobaron avances, desaf\u00edos, pero sobre todo, \u201cun gran compromiso institucional y un trabajo t\u00e9cnico realmente admirable\u201d por parte del INE, en suma \u201cvimos soluciones a problemas grandes\u201d, afirm\u00f3.<\/p>\n<p class=\"x_MsoNormal\">\n<p class=\"x_MsoNormal\">El jefe de la misi\u00f3n destac\u00f3 la importancia que tendr\u00e1n la observaci\u00f3n nacional e internacional en esta elecci\u00f3n y de la capacitaci\u00f3n a la ciudadan\u00eda sobre la forma en que se deber\u00e1 votar, porque se pondr\u00e1n n\u00fameros en las boletas electorales.<\/p>\n<p class=\"x_MsoNormal\">\n<p class=\"x_MsoNormal\"><a id=\"LPlnk385234\" name=\"x__Hlk197085302\"><\/a>En conferencia de prensa, en la sede del INE, Ra\u00fal Daniel Bejas, Presidente de la C\u00e1mara Nacional Electoral de Argentina, reconoci\u00f3 el trabajo que ha realizado el Instituto en poco tiempo, \u201cnos vamos muy conformes, \u00e9ste es un proceso diferente, las boletas son diferentes, el modo de votar es diferente, la determinaci\u00f3n de los sitios para votar es diferente y c\u00f3mo se va a votar. En realidad, es una elecci\u00f3n in\u00e9dita\u201d.<\/p>\n<p class=\"x_MsoNormal\">\n<p class=\"x_MsoNormal\">Tambi\u00e9n, mencion\u00f3 la integraci\u00f3n de la paridad; la plataforma de \u201cCon\u00f3celes, Practica y Ubica\u201d, en la que la ciudadan\u00eda podr\u00e1 conocer las candidaturas; la urna \u00fanica; el voto anticipado y la transmisi\u00f3n de los resultados en tiempo real.<\/p>\n<p class=\"x_MsoNormal\">\n<p class=\"x_MsoNormal\">La Misi\u00f3n de Acompa\u00f1amiento Internacional de la UNIORE, tambi\u00e9n estuvo integrada por Ileana Aguilar Olivares, Secretaria Acad\u00e9mica del Instituto de Formaci\u00f3n y Estudios en Democracia del Tribunal Supremo de Elecciones de Costa Rica; Francisco Olmedo Mart\u00ednez, Director de Recursos Electorales del TSJE de Paraguay y Sof\u00eda Vincenzi Guil\u00e1, Coordinadora del Centro de Asesor\u00eda y Promoci\u00f3n Electoral (CAPEL).<\/p>\n<p class=\"x_MsoNormal\">\n<p class=\"x_MsoNormal\">La UNIORE estar\u00e1 presente en tres momentos de la primera elecci\u00f3n del Poder Judicial de la Federaci\u00f3n: Misi\u00f3n de Avanzada (28 de abril al 2 de mayo); durante la Jornada Electoral (30 de mayo al 1 de junio) y en la etapa de c\u00f3mputos, cuando ser\u00e1 la m\u00e1s numerosa (del 2 al 5 de junio).<\/p>\n<p class=\"x_MsoNormal\">\n<p class=\"x_MsoNormal\">La conferencia de prensa fue moderada por la Coordinadora de Asuntos Internacionales del INE, Marisa Arlene Cabral Porchas.<\/p>\n","protected":false},"excerpt":{"rendered":"<p>El Instituto Nacional Electoral (INE) recibi\u00f3 a la primera visita de la Misi\u00f3n de Acompa\u00f1amiento Internacional de la Uni\u00f3n Interamericana de Organismos Electorales (UNIORE), en el marco del Proceso Electoral Extraordinario para la elecci\u00f3n de diversos cargos del Poder Judicial de la Federaci\u00f3n (PEEPJF) 2024-2025. Del 28 de abril al 2 de mayo, la misi\u00f3n [&hellip;]<\/p>\n","protected":false},"author":2,"featured_media":217020,"comment_status":"closed","ping_status":"closed","sticky":false,"template":"","format":"standard","meta":{"footnotes":""},"categories":[172],"tags":[12874],"class_list":["post-217019","post","type-post","status-publish","format-standard","has-post-thumbnail","hentry","category-nacional","tag-nacional"],"jetpack_featured_media_url":"https:\/\/rnoticias.com.mx\/Portal\/wp-content\/uploads\/2025\/05\/WhatsApp-Image-2025-05-02-at-5.58.41-PM.jpeg","amp_enabled":true,"_links":{"self":[{"href":"https:\/\/rnoticias.com.mx\/Portal\/wp-json\/wp\/v2\/posts\/217019","targetHints":{"allow":["GET"]}}],"collection":[{"href":"https:\/\/rnoticias.com.mx\/Portal\/wp-json\/wp\/v2\/posts"}],"about":[{"href":"https:\/\/rnoticias.com.mx\/Portal\/wp-json\/wp\/v2\/types\/post"}],"author":[{"embeddable":true,"href":"https:\/\/rnoticias.com.mx\/Portal\/wp-json\/wp\/v2\/users\/2"}],"replies":[{"embeddable":true,"href":"https:\/\/rnoticias.com.mx\/Portal\/wp-json\/wp\/v2\/comments?post=217019"}],"version-history":[{"count":1,"href":"https:\/\/rnoticias.com.mx\/Portal\/wp-json\/wp\/v2\/posts\/217019\/revisions"}],"predecessor-version":[{"id":217021,"href":"https:\/\/rnoticias.com.mx\/Portal\/wp-json\/wp\/v2\/posts\/217019\/revisions\/217021"}],"wp:featuredmedia":[{"embeddable":true,"href":"https:\/\/rnoticias.com.mx\/Portal\/wp-json\/wp\/v2\/media\/217020"}],"wp:attachment":[{"href":"https:\/\/rnoticias.com.mx\/Portal\/wp-json\/wp\/v2\/media?parent=217019"}],"wp:term":[{"taxonomy":"category","embeddable":true,"href":"https:\/\/rnoticias.com.mx\/Portal\/wp-json\/wp\/v2\/categories?post=217019"},{"taxonomy":"post_tag","embeddable":true,"href":"https:\/\/rnoticias.com.mx\/Portal\/wp-json\/wp\/v2\/tags?post=217019"}],"curies":[{"name":"wp","href":"https:\/\/api.w.org\/{rel}","templated":true}]}}