{"id":217016,"date":"2025-05-03T17:46:55","date_gmt":"2025-05-03T17:46:55","guid":{"rendered":"https:\/\/rnoticias.com.mx\/Portal\/?p=217016"},"modified":"2025-05-03T17:46:55","modified_gmt":"2025-05-03T17:46:55","slug":"el-vaticano-blinda-capilla-sixtina-para-conclave","status":"publish","type":"post","link":"https:\/\/rnoticias.com.mx\/Portal\/2025\/05\/03\/el-vaticano-blinda-capilla-sixtina-para-conclave\/","title":{"rendered":"El Vaticano blinda Capilla Sixtina para c\u00f3nclave"},"content":{"rendered":"<p>El Vaticano prepara dos edificios para acoger a los 133 cardenales que participar\u00e1n este mi\u00e9rcoles en el c\u00f3nclave:\u00a0<strong>la Casa Santa Marta y el Colegio Et\u00edope.<\/strong>\u00a0Adem\u00e1s, blinda sus aleda\u00f1os para garantizar su aislamiento, apagando la red electr\u00f3nica en el interior de la Capilla Sixtina.<\/p>\n<p>El subdirector de la Secci\u00f3n de Infraestructuras de la Santa Sede, Silvio Screpanti, explic\u00f3 en una entrevista publicada este s\u00e1bado por el Vaticano que los preparativos se dividen entre el alojamiento de los purpurados y la Capilla Sixtina, donde votar\u00e1n aislados.<\/p>\n<p>El c\u00f3nclave que elegir\u00e1 al sucesor de Francisco, fallecido el pasado 21 de abril,\u00a0<mark><strong>comenzar\u00e1 el pr\u00f3ximo mi\u00e9rcoles por la tarde con el encierro en la Sixtina de 133 cardenales llegados de todo el mundo<\/strong><\/mark>\u00a0\u2014los electores son 135, pero dos han renunciado por motivos de salud\u2014.<\/p>\n<p>Por ello, los preparativos se llevan a cabo sin pausa, implicando a m\u00e1s de 40 profesiones: carpinteros, herreros, decoradores, personal de limpieza, adem\u00e1s de administrativos, contables y otros 20 obreros de refuerzo reclutados de empresas externas.<\/p>\n<p>En primer lugar, el diminuto Estado del Vaticano ha preparado unas\u00a0<strong>200 habitaciones\u00a0<\/strong>para los purpurados y sus ayudantes, repartidas entre la\u00a0<strong>Casa Santa Marta\u00a0<\/strong>\u2014un hotel dentro del Vaticano donde Francisco dispuso su residencia\u2014 y el<strong>\u00a0Colegio Et\u00edope,\u00a0<\/strong>un antiguo seminario.<\/p>\n<p>En ambos edificios, seg\u00fan Screpanti, se han creado compartimentos que &#8220;garantizar\u00e1n&#8221; el aislamiento de los votantes en el c\u00f3nclave, con tabiques, puertas provisionales y el cierre temporal de ventanas.<\/p>\n<p><strong>La legislaci\u00f3n pontificia establece que los cardenales llamados a votar no pueden mantener contacto con personas del mundo exterior, por ning\u00fan medio, y que el personal debe cerciorarse de que no se oculten instrumentos de grabaci\u00f3n de ning\u00fan tipo.<\/strong><\/p>\n<p>Las autoridades vaticanas se esforzar\u00e1n para que as\u00ed sea, blindando los accesos al \u00e1rea de la ceremonia, entre otras medidas. &#8220;El d\u00eda antes del c\u00f3nclave, nuestro personal ayudar\u00e1 a imponer casi 80 cierres de plomo en todos los accesos del per\u00edmetro del c\u00f3nclave&#8221;, asegura el ingeniero.<\/p>\n<p>Lo mismo ocurrir\u00e1 en la Capilla Sixtina, donde los purpurados pasar\u00e1n el d\u00eda deliberando y que ya cuenta en su tejado con la chimenea por la que comunicar\u00e1n al mundo el resultado de las votaciones, quemando sus votos.\u00a0<mark><strong>El humo blanco significar\u00e1 que hay nuevo papa; el negro, que habr\u00e1 que seguir esperando al acuerdo.<\/strong><\/mark><\/p>\n<p>Nada debe conocerse de lo que ocurre en el interior de este hist\u00f3rico lugar, bajo la severidad del Juicio Final que pint\u00f3 Miguel \u00c1ngel. Por ello, esta semana &#8220;se ha controlado todo su sistema tecnol\u00f3gico&#8221;, junto con otros preparativos de tipo est\u00e9tico y pr\u00e1ctico.<\/p>\n<p>En concreto,\u00a0<strong>los t\u00e9cnicos han desactivado todos los aparatos tecnol\u00f3gicos, c\u00e1maras y sensores que en los \u00faltimos a\u00f1os se instalaron en esta capilla para protegerla durante las visitas tur\u00edsticas.\u00a0<\/strong>Adem\u00e1s, los trabajadores del Vaticano, como manda la tradici\u00f3n, proceder\u00e1n a cubrir todas las ventanas del Palacio Apost\u00f3lico cercanas al \u00e1rea del c\u00f3nclave, dado que la Sixtina est\u00e1 anexa.<\/p>\n<p>No obstante, aunque los cardenales estar\u00e1n aislados en la Sixtina durante sus deliberaciones y votaciones, doce t\u00e9cnicos estar\u00e1n en todo momento a disposici\u00f3n para garantizar que el sistema el\u00e9ctrico e hidr\u00e1ulico de la capilla y las residencias funcione correctamente.<\/p>\n<p>Estos t\u00e9cnicos \u2014cinco electricistas y ascensoristas, cinco fontaneros y dos \u2018floreros\u2019; personal de log\u00edstica vaticana\u2014 deber\u00e1n tambi\u00e9n prestar juramento de discreci\u00f3n.<\/p>\n","protected":false},"excerpt":{"rendered":"<p>El Vaticano prepara dos edificios para acoger a los 133 cardenales que participar\u00e1n este mi\u00e9rcoles en el c\u00f3nclave:\u00a0la Casa Santa Marta y el Colegio Et\u00edope.\u00a0Adem\u00e1s, blinda sus aleda\u00f1os para garantizar su aislamiento, apagando la red electr\u00f3nica en el interior de la Capilla Sixtina. El subdirector de la Secci\u00f3n de Infraestructuras de la Santa Sede, Silvio [&hellip;]<\/p>\n","protected":false},"author":2,"featured_media":217017,"comment_status":"closed","ping_status":"closed","sticky":false,"template":"","format":"standard","meta":{"footnotes":""},"categories":[12870,182],"tags":[12865,12871],"class_list":["post-217016","post","type-post","status-publish","format-standard","has-post-thumbnail","hentry","category-destacadas","category-internacional","tag-destacadas","tag-internacional"],"jetpack_featured_media_url":"https:\/\/rnoticias.com.mx\/Portal\/wp-content\/uploads\/2025\/05\/conclave-23.webp","amp_enabled":true,"_links":{"self":[{"href":"https:\/\/rnoticias.com.mx\/Portal\/wp-json\/wp\/v2\/posts\/217016","targetHints":{"allow":["GET"]}}],"collection":[{"href":"https:\/\/rnoticias.com.mx\/Portal\/wp-json\/wp\/v2\/posts"}],"about":[{"href":"https:\/\/rnoticias.com.mx\/Portal\/wp-json\/wp\/v2\/types\/post"}],"author":[{"embeddable":true,"href":"https:\/\/rnoticias.com.mx\/Portal\/wp-json\/wp\/v2\/users\/2"}],"replies":[{"embeddable":true,"href":"https:\/\/rnoticias.com.mx\/Portal\/wp-json\/wp\/v2\/comments?post=217016"}],"version-history":[{"count":1,"href":"https:\/\/rnoticias.com.mx\/Portal\/wp-json\/wp\/v2\/posts\/217016\/revisions"}],"predecessor-version":[{"id":217018,"href":"https:\/\/rnoticias.com.mx\/Portal\/wp-json\/wp\/v2\/posts\/217016\/revisions\/217018"}],"wp:featuredmedia":[{"embeddable":true,"href":"https:\/\/rnoticias.com.mx\/Portal\/wp-json\/wp\/v2\/media\/217017"}],"wp:attachment":[{"href":"https:\/\/rnoticias.com.mx\/Portal\/wp-json\/wp\/v2\/media?parent=217016"}],"wp:term":[{"taxonomy":"category","embeddable":true,"href":"https:\/\/rnoticias.com.mx\/Portal\/wp-json\/wp\/v2\/categories?post=217016"},{"taxonomy":"post_tag","embeddable":true,"href":"https:\/\/rnoticias.com.mx\/Portal\/wp-json\/wp\/v2\/tags?post=217016"}],"curies":[{"name":"wp","href":"https:\/\/api.w.org\/{rel}","templated":true}]}}