{"id":217010,"date":"2025-05-03T17:41:21","date_gmt":"2025-05-03T17:41:21","guid":{"rendered":"https:\/\/rnoticias.com.mx\/Portal\/?p=217010"},"modified":"2025-05-03T17:41:21","modified_gmt":"2025-05-03T17:41:21","slug":"america-suma-refuerzos-antes-de-su-debut-en-la-liguilla-2025","status":"publish","type":"post","link":"https:\/\/rnoticias.com.mx\/Portal\/2025\/05\/03\/america-suma-refuerzos-antes-de-su-debut-en-la-liguilla-2025\/","title":{"rendered":"Am\u00e9rica suma &#8220;refuerzos&#8221; antes de su debut en la Liguilla 2025"},"content":{"rendered":"<p>El\u00a0<a href=\"https:\/\/www.informador.mx\/aguilas-del-america-t670\" target=\"_blank\" rel=\"noopener\"><strong>Am\u00e9rica<\/strong><\/a>\u00a0contin\u00faa recibiendo buenas noticias de cara a la Liguilla del Torneo Clausura 2025.\u00a0<mark><strong>Alan Cervantes y Luis \u00c1ngel Malag\u00f3n, dos &#8220;refuerzos&#8221; importantes<\/strong><\/mark>\u00a0en el esquema de las \u00c1guilas, sumaron minutos en el partido amistoso frente a Celaya y se perfilan como titulares para los compromisos de cuartos de final ante Pachuca.<\/p>\n<p>A pesar de la\u00a0<strong>derrota 2-3 frente a los guanajuatenses<\/strong>\u00a0en el estadio Ciudad de los Deportes, el encuentro sirvi\u00f3 para afinar detalles de cara al inicio de la fase final de la\u00a0<a href=\"https:\/\/www.informador.mx\/liga-mx-t8754\" target=\"_blank\" rel=\"noopener\"><strong>Liga MX<\/strong><\/a>, programada para la pr\u00f3xima semana. A\u00fan no se confirma si el primer duelo de la serie ser\u00e1 el mi\u00e9rcoles o jueves, pero el equipo dirigido por Andr\u00e9 Jardine contin\u00faa su preparaci\u00f3n con intensidad.<\/p>\n<p>Henry Mart\u00edn, quien ya hab\u00eda reaparecido en el amistoso ante Atl\u00e9tico La Paz, tambi\u00e9n tuvo actividad en el encuentro contra Celaya, sumando ritmo de competencia. Rodrigo Aguirre y Erick &#8220;Chiquito&#8221; S\u00e1nchez fueron los encargados de anotar los goles para el Am\u00e9rica en este compromiso.<\/p>\n<p>Este amistoso ante Celaya represent\u00f3 el \u00faltimo ensayo de las \u00c1guilas antes de comenzar su defensa del tricampeonato en la Fiesta Grande. Sin embargo, no todas son buenas noticias para el equipo de Coapa. Brian Rodr\u00edguez, Diego Vald\u00e9s y Jonathan dos Santos a\u00fan no logran recuperarse de sus respectivas lesiones, y su participaci\u00f3n en la serie frente a\u00a0<a href=\"https:\/\/www.informador.mx\/tuzos-de-pachuca-t679\" target=\"_blank\" rel=\"noopener\"><strong>Pachuca<\/strong><\/a>\u00a0luce complicada.<\/p>\n<p>El Am\u00e9rica buscar\u00e1 aprovechar el regreso de sus figuras\u00a0<mark><strong>para mantener el nivel que los llev\u00f3 a dominar la fase regular y as\u00ed seguir en la lucha por el t\u00edtulo.<\/strong><\/mark>\u00a0La afici\u00f3n azulcrema espera que el equipo logre sobreponerse a las bajas y contin\u00fae su camino hacia un nuevo campeonato.<\/p>\n<p>&nbsp;<\/p>\n<p><i>*Con informaci\u00f3n de SUN<\/i><\/p>\n","protected":false},"excerpt":{"rendered":"<p>El\u00a0Am\u00e9rica\u00a0contin\u00faa recibiendo buenas noticias de cara a la Liguilla del Torneo Clausura 2025.\u00a0Alan Cervantes y Luis \u00c1ngel Malag\u00f3n, dos &#8220;refuerzos&#8221; importantes\u00a0en el esquema de las \u00c1guilas, sumaron minutos en el partido amistoso frente a Celaya y se perfilan como titulares para los compromisos de cuartos de final ante Pachuca. A pesar de la\u00a0derrota 2-3 frente [&hellip;]<\/p>\n","protected":false},"author":2,"featured_media":217011,"comment_status":"closed","ping_status":"closed","sticky":false,"template":"","format":"standard","meta":{"footnotes":""},"categories":[188,12870],"tags":[5231,12865],"class_list":["post-217010","post","type-post","status-publish","format-standard","has-post-thumbnail","hentry","category-deportes","category-destacadas","tag-deportes","tag-destacadas"],"jetpack_featured_media_url":"https:\/\/rnoticias.com.mx\/Portal\/wp-content\/uploads\/2025\/05\/f850x638-31289_108778_5050.webp","amp_enabled":true,"_links":{"self":[{"href":"https:\/\/rnoticias.com.mx\/Portal\/wp-json\/wp\/v2\/posts\/217010","targetHints":{"allow":["GET"]}}],"collection":[{"href":"https:\/\/rnoticias.com.mx\/Portal\/wp-json\/wp\/v2\/posts"}],"about":[{"href":"https:\/\/rnoticias.com.mx\/Portal\/wp-json\/wp\/v2\/types\/post"}],"author":[{"embeddable":true,"href":"https:\/\/rnoticias.com.mx\/Portal\/wp-json\/wp\/v2\/users\/2"}],"replies":[{"embeddable":true,"href":"https:\/\/rnoticias.com.mx\/Portal\/wp-json\/wp\/v2\/comments?post=217010"}],"version-history":[{"count":1,"href":"https:\/\/rnoticias.com.mx\/Portal\/wp-json\/wp\/v2\/posts\/217010\/revisions"}],"predecessor-version":[{"id":217012,"href":"https:\/\/rnoticias.com.mx\/Portal\/wp-json\/wp\/v2\/posts\/217010\/revisions\/217012"}],"wp:featuredmedia":[{"embeddable":true,"href":"https:\/\/rnoticias.com.mx\/Portal\/wp-json\/wp\/v2\/media\/217011"}],"wp:attachment":[{"href":"https:\/\/rnoticias.com.mx\/Portal\/wp-json\/wp\/v2\/media?parent=217010"}],"wp:term":[{"taxonomy":"category","embeddable":true,"href":"https:\/\/rnoticias.com.mx\/Portal\/wp-json\/wp\/v2\/categories?post=217010"},{"taxonomy":"post_tag","embeddable":true,"href":"https:\/\/rnoticias.com.mx\/Portal\/wp-json\/wp\/v2\/tags?post=217010"}],"curies":[{"name":"wp","href":"https:\/\/api.w.org\/{rel}","templated":true}]}}