{"id":216992,"date":"2025-05-03T14:28:15","date_gmt":"2025-05-03T14:28:15","guid":{"rendered":"https:\/\/rnoticias.com.mx\/Portal\/?p=216992"},"modified":"2025-05-03T14:28:15","modified_gmt":"2025-05-03T14:28:15","slug":"donald-trump-deporta-menos-mexicanos-que-sus-antecesores","status":"publish","type":"post","link":"https:\/\/rnoticias.com.mx\/Portal\/2025\/05\/03\/donald-trump-deporta-menos-mexicanos-que-sus-antecesores\/","title":{"rendered":"Donald Trump deporta menos mexicanos que sus antecesores"},"content":{"rendered":"<p>Se cumplieron los primeros 100 d\u00edas del Gobierno de\u00a0Donald\u00a0Trump, quien implement\u00f3 una pol\u00edtica \u201cm\u00e1s agresiva\u201d para deportar a migrantes ilegales. Sin embargo, sus antecesores regresaron a m\u00e1s indocumentados a sus pa\u00edses.<\/p>\n<p>Seg\u00fan el Instituto Nacional de Migraci\u00f3n, entre el 20 de enero y el 29 de abril, Estados Unidos deport\u00f3 a M\u00e9xico a 33 mil 311 connacionales. Eso significa que,\u00a0<strong>en promedio, la pol\u00edtica migratoria se traduce en 333 mexicanos regresados al d\u00eda, en promedio. En el comparativo, el Gobierno de Joe Biden deport\u00f3 casi el doble: 619<\/strong>.<\/p>\n<p>Para Eduardo Gonz\u00e1lez, profesor del Tecnol\u00f3gico de Monterrey, algo que incidi\u00f3 para que los n\u00fameros de Trump sean bajos fue que el endurecimiento del discurso tuvo un efecto disuasivo; es decir, las amenazas constantes, los despliegues militares y la pol\u00edtica de tolerancia cero han frenado el flujo migratorio.<\/p>\n<p>En paralelo, explica, las redadas tampoco est\u00e1n produciendo los resultados esperados. Hay menos poblaci\u00f3n migrante sin documentos, las llamadas ciudades santuario limitan la acci\u00f3n de las autoridades federales y el presupuesto para detenciones y traslados no alcanza para operar a gran escala. \u201cLas grandes cantidades de deportaci\u00f3n de Biden y de Obama se daban en la frontera al momento del contacto, ya dentro de Estados Unidos, no a partir de las redadas. Hoy salen a una redada y encuentran pocos migrantes. Por otro lado, en la frontera, aunque han desplegado una gran cantidad de agentes, los migrantes no est\u00e1n llegando como antes\u201d.<\/p>\n<p>Hasta ahora, el presidente con el promedio m\u00e1s alto de migrantes devueltos es\u00a0Barack\u00a0Obama, quien en sus dos periodos presidenciales sostuvo una media de 989 deportaciones diarias, lo que le gan\u00f3 el mote de \u201cEl\u00a0deportador\u00a0en jefe\u201d.<\/p>\n<p>Gonz\u00e1lez explic\u00f3 adem\u00e1s que<strong>\u00a0M\u00e9xico sigue jugando un papel clave en la contenci\u00f3n, con m\u00e1s retenes, deportaciones propias y restricciones al tr\u00e1nsito<\/strong>.<\/p>\n<h4>Trump endurece el discurso, pero no concreta las deportaciones: especialista<\/h4>\n<p>Miguel Sigala, especialista del Centro de Estudios de Am\u00e9rica del Norte de la Universidad de Guadalajara, consider\u00f3 que\u00a0<strong>la estrategia de expulsi\u00f3n masiva no ha funcionado, en primer lugar, no solo porque es inviable en t\u00e9rminos operativos, sino tambi\u00e9n inconveniente para la econom\u00eda estadounidense.<\/strong>\u00a0\u201cEs muy dif\u00edcil llevar a cabo una estrategia masiva de deportaciones. Log\u00edstica, administrativa y burocr\u00e1ticamente es un esfuerzo tremendo tratar de encontrar a 11 millones de personas indocumentadas\u201d, afirm\u00f3.<\/p>\n<div class=\"div-pos-7\"><\/div>\n<p>A esto se suma, dijo, el debilitamiento institucional del gobierno estadounidense. \u201cEl llamado Department of Government Efficiency ha provocado una p\u00e9rdida de capacidades operativas del gobierno, menos personal, menos recursos.\u00a0<strong>Dif\u00edcilmente van a poder implementar algo de esa magnitud<\/strong>\u201d.<\/p>\n<p>Desde una perspectiva estructural, a\u00f1adi\u00f3, la econom\u00eda de Estados Unidos tampoco puede prescindir de los migrantes. \u201c<strong>Tienen una creciente deficiencia de mano de obra en varios sectores, desde trabajadores agr\u00edcolas hasta ingenieros. No pueden darse el lujo de hacer deportaciones masivas porque ser\u00eda contraproducente<\/strong>\u201d, indic\u00f3.<\/p>\n<p>En general, consider\u00f3 el especialista, los discursos de Donald Trump<strong>\u00a0funcionaron m\u00e1s para negociar con M\u00e9xico y ganar puntos a su favor,\u00a0<\/strong>especialmente en el aspecto econ\u00f3mico y de combate al fentanilo, que para convertirlo en un r\u00e9cord de los primeros d\u00edas de su gesti\u00f3n.<\/p>\n<p>De hecho, dijo, incluso J<strong>ohn<\/strong><strong>\u00a0Homan, el funcionario encargado de las deportaciones, declar\u00f3 hace unos d\u00edas que el \u00e9xito de la estrategia migratoria no deb\u00eda medirse en n\u00fameros<\/strong>. \u201cEso te dice dos cosas: una, Trump es un gran showman, un populista carism\u00e1tico que sabe venderle a la gente sus acciones; y dos, que ellos mismos reconocen que no est\u00e1n cumpliendo sus metas en materia de deportaciones\u201d, se\u00f1al\u00f3.<\/p>\n<p>Sin embargo, Sigala advirti\u00f3 que\u00a0<strong>el ambiente s\u00ed se ha vuelto m\u00e1s hostil hacia los migrantes.<\/strong>\u00a0\u201cAunque no tengamos las cifras que esper\u00e1bamos, la pol\u00edtica con un componente nacionalista, antiinmigrante, anti-mexicano y con supremacismo blanco sigue avanzando. Lo m\u00e1s preocupante es que el p\u00fablico estadounidense est\u00e1 satisfecho con lo que est\u00e1 viendo\u201d, dijo, citando datos del Pew Research Center.<\/p>\n<p>El acad\u00e9mico indic\u00f3 que<strong>\u00a0lo que ha predominado es una campa\u00f1a de hostigamiento y de\u00a0estigmatizaci\u00f3n\u00a0de lo extranjero.\u00a0<\/strong>\u201cHay una campa\u00f1a basada en discriminaci\u00f3n racial, en un discurso xen\u00f3fobo, que se capitaliza a trav\u00e9s de los medios. Y eso genera la percepci\u00f3n de que Trump est\u00e1 actuando con energ\u00eda, aunque en realidad no haya cifras altas\u201d, explic\u00f3.<\/p>\n<p>Respecto a M\u00e9xico, consider\u00f3 que el gobierno de Trump ha sido m\u00e1s cauteloso. \u201cYo no identifico una campa\u00f1a espec\u00edficamente contra los mexicanos.\u00a0<strong>La migraci\u00f3n mexicana dej\u00f3 de ser el principal problema. Desde 2008 comenz\u00f3 a diversificarse y ahora por M\u00e9xico pasan migrantes de todo el mundo\u201d, apunt\u00f3.\u00a0<\/strong><\/p>\n<p>Esa situaci\u00f3n, sostuvo, ha convertido a M\u00e9xico en un socio estrat\u00e9gico para Estados Unidos. \u201c<strong>M\u00e9xico tiene mucho poder para influir en la migraci\u00f3n hacia el norte, y eso explica por qu\u00e9, a pesar de todo lo malo, no hemos sido el principal blanco de esta pol\u00edtica migratoria en los primeros meses del mandato<\/strong>\u201d, concluy\u00f3.<\/p>\n<h4>La incertidumbre impera en los jaliscienses viviendo en EU<\/h4>\n<p>Ang\u00e9lica es jalisciense, desde la pandemia ocasionada por el COVID-19 migr\u00f3 a EU y comenz\u00f3 su tr\u00e1mite para convertirse en residente de Estados Unidos.\u00a0<strong>Aunque su proceso ha avanzado y se encuentra ahora en tr\u00e1mite de ajuste de estatus tiene miedo de que las pol\u00edticas migratorias anunciadas por EU la alcancen a ella y a su familia y sea devuelta a M\u00e9xico<\/strong>.<\/p>\n<p>Ella y su esposo ya trabajan legalmente en Las Vegas, Estados Unidos, como lo permite su estatus, sin embargo, todav\u00eda hay riesgo de que su residencia no sea aprobada, pero\u00a0<strong>su miedo m\u00e1s grande es que, pese a no tener un estatus de \u201cilegal\u201d en el pa\u00eds vecino, tenga que dejar todo lo que ha construido en EU<\/strong>, incluyendo su casa propia, que han estado pagando con mucho esfuerzo.<\/p>\n<p>\u201cS\u00ed\u00a0<strong>tenemos miedo porque hemos escuchado que est\u00e1n agarrando parejo. No solo es contra criminales, como los llama Donald Trump, que es contra todos.<\/strong>\u00a0Hace unos d\u00edas escuchamos que deport\u00f3 a El Salvador a gente que no ten\u00eda que deportar, y all\u00e1 se fueron. Nosotros por eso salimos lo menos posible, no estamos yendo a reuniones con amigos y nos encerramos temprano, para no correr riesgos. Solo vamos a trabajar y volvemos, siento que no es vida, pero tampoco s\u00e9 si es mejor regresar a M\u00e9xico con toda la situaci\u00f3n que se est\u00e1 viviendo all\u00e1. Estamos como en el limbo\u201d, cont\u00f3 la mujer.<\/p>\n<p>Vicente, tambi\u00e9n jalisciense, por su parte vive en Arizona. Tambi\u00e9n es migrante legal, y de hecho \u00e9l ya cuenta con la residencia, aunque tiene un peque\u00f1o negocio que ha mantenido por alrededor de 25 a\u00f1os, consider\u00f3 que\u00a0<strong>tambi\u00e9n tiene incertidumbre por lo que representa la econom\u00eda de los connacionales en esta ciudad, una de las que alberga m\u00e1s latinos<\/strong>.<\/p>\n<p>\u201cLas ventas han bajado porque los latinos tienen miedo.<strong>\u00a0Tienen miedo de salir, tienen miedo de gastar, porque la incertidumbre ah\u00ed est\u00e1, no saben lo que pueda pasar.\u00a0<\/strong>No es que yo est\u00e9 quebrado por esta situaci\u00f3n, pero s\u00ed me pone a pensar si estoy bien aqu\u00ed o si mejor vendo y me regreso a Guadalajara y con eso puedo vivir all\u00e1. Lo he platicado con mi familia y s\u00ed lo estamos pensando\u201d, cont\u00f3 Vicente.<\/p>\n<p>Sara vive la incertidumbre desde una perspectiva diferente, aunque ella naci\u00f3 en el interior de Jalisco, desde muy peque\u00f1a sus padres la llevaron a vivir a San Diego, California, donde nacieron sus dos hijas.<\/p>\n<p><strong>Aunque ella y su esposo son residentes y sus hijas, ciudadanas, les ha tocado ver el impacto de las deportaciones desde la escuela de una de sus hijas<\/strong>, la m\u00e1s grande, quien est\u00e1 a punto de terminar la preparatoria.<\/p>\n<p>\u201cElla sabe y conoce de la situaci\u00f3n, pero<strong>\u00a0el impacto ha sido que de pronto han ido deportando a las familias de algunos de sus compa\u00f1eros. Son como tres los que ya han dejado de ir, pero sus maestros no les dicen nada, no tocan el tema<\/strong>. Ella y sus compa\u00f1eros se han enterado por fuera que dejaron de ir por eso, porque los regresaron a M\u00e9xico. En lo \u00fanico que insisten es en repetir el discurso contra los indocumentados, metiendo sus comerciales hasta en los videos de YouTube\u201d, coment\u00f3 Sara.<\/p>\n","protected":false},"excerpt":{"rendered":"<p>Se cumplieron los primeros 100 d\u00edas del Gobierno de\u00a0Donald\u00a0Trump, quien implement\u00f3 una pol\u00edtica \u201cm\u00e1s agresiva\u201d para deportar a migrantes ilegales. Sin embargo, sus antecesores regresaron a m\u00e1s indocumentados a sus pa\u00edses. Seg\u00fan el Instituto Nacional de Migraci\u00f3n, entre el 20 de enero y el 29 de abril, Estados Unidos deport\u00f3 a M\u00e9xico a 33 mil [&hellip;]<\/p>\n","protected":false},"author":2,"featured_media":216993,"comment_status":"closed","ping_status":"closed","sticky":false,"template":"","format":"standard","meta":{"footnotes":""},"categories":[12870,182],"tags":[12865,12871],"class_list":["post-216992","post","type-post","status-publish","format-standard","has-post-thumbnail","hentry","category-destacadas","category-internacional","tag-destacadas","tag-internacional"],"jetpack_featured_media_url":"https:\/\/rnoticias.com.mx\/Portal\/wp-content\/uploads\/2025\/05\/TrumpmigracionAP.jpg","amp_enabled":true,"_links":{"self":[{"href":"https:\/\/rnoticias.com.mx\/Portal\/wp-json\/wp\/v2\/posts\/216992","targetHints":{"allow":["GET"]}}],"collection":[{"href":"https:\/\/rnoticias.com.mx\/Portal\/wp-json\/wp\/v2\/posts"}],"about":[{"href":"https:\/\/rnoticias.com.mx\/Portal\/wp-json\/wp\/v2\/types\/post"}],"author":[{"embeddable":true,"href":"https:\/\/rnoticias.com.mx\/Portal\/wp-json\/wp\/v2\/users\/2"}],"replies":[{"embeddable":true,"href":"https:\/\/rnoticias.com.mx\/Portal\/wp-json\/wp\/v2\/comments?post=216992"}],"version-history":[{"count":1,"href":"https:\/\/rnoticias.com.mx\/Portal\/wp-json\/wp\/v2\/posts\/216992\/revisions"}],"predecessor-version":[{"id":216994,"href":"https:\/\/rnoticias.com.mx\/Portal\/wp-json\/wp\/v2\/posts\/216992\/revisions\/216994"}],"wp:featuredmedia":[{"embeddable":true,"href":"https:\/\/rnoticias.com.mx\/Portal\/wp-json\/wp\/v2\/media\/216993"}],"wp:attachment":[{"href":"https:\/\/rnoticias.com.mx\/Portal\/wp-json\/wp\/v2\/media?parent=216992"}],"wp:term":[{"taxonomy":"category","embeddable":true,"href":"https:\/\/rnoticias.com.mx\/Portal\/wp-json\/wp\/v2\/categories?post=216992"},{"taxonomy":"post_tag","embeddable":true,"href":"https:\/\/rnoticias.com.mx\/Portal\/wp-json\/wp\/v2\/tags?post=216992"}],"curies":[{"name":"wp","href":"https:\/\/api.w.org\/{rel}","templated":true}]}}