{"id":216989,"date":"2025-05-03T14:25:39","date_gmt":"2025-05-03T14:25:39","guid":{"rendered":"https:\/\/rnoticias.com.mx\/Portal\/?p=216989"},"modified":"2025-05-03T14:25:39","modified_gmt":"2025-05-03T14:25:39","slug":"concluye-manana-la-primera-semana-nacional-de-vacunacion-exhorta-gobierno-de-sonora-a-completar-esquemas","status":"publish","type":"post","link":"https:\/\/rnoticias.com.mx\/Portal\/2025\/05\/03\/concluye-manana-la-primera-semana-nacional-de-vacunacion-exhorta-gobierno-de-sonora-a-completar-esquemas\/","title":{"rendered":"Concluye ma\u00f1ana la Primera Semana Nacional de Vacunaci\u00f3n; exhorta Gobierno de Sonora a completar esquemas"},"content":{"rendered":"<p>Hermosillo, Sonora; 3 de mayo de 2025.- La Secretar\u00eda de Salud (SSP) record\u00f3 que este s\u00e1bado 3 de mayo concluye la Primera Semana Nacional de Vacunaci\u00f3n, por lo que hizo un llamado a la poblaci\u00f3n a acudir a los m\u00f3dulos fijos y semifijos, as\u00ed como a las unidades m\u00e9dicas y hospitales de cualquier instituci\u00f3n p\u00fablica de salud, para aplicarse las vacunas correspondientes o completar su esquema de inmunizaci\u00f3n.<\/p>\n<p>Esta jornada tiene como objetivo principal proteger a ni\u00f1as, ni\u00f1os, adolescentes, personas adultas y personas adultas mayores contra diversas enfermedades prevenibles, reforzando la salud p\u00fablica y reduciendo el riesgo de brotes epidemiol\u00f3gicos.<\/p>\n<p>Durante esta campa\u00f1a se est\u00e1n aplicando 14 biol\u00f3gicos que forman parte del esquema b\u00e1sico de vacunaci\u00f3n, entre ellos vacunas contra sarampi\u00f3n, rub\u00e9ola, parotiditis, difteria, tosferina, t\u00e9tanos, virus del papiloma humano (VPH), hepatitis B y la vacuna hexavalente, entre otras.<\/p>\n<p>La dependencia reiter\u00f3 que las vacunas son completamente seguras y no tienen ning\u00fan costo, por lo que invit\u00f3 a madres, padres, tutores y a toda la poblaci\u00f3n a no dejar pasar esta oportunidad para protegerse y proteger a sus seres queridos.<\/p>\n<p>Los puntos de vacunaci\u00f3n permanecer\u00e1n habilitados hasta el cierre de la jornada, por lo que a\u00fan hay tiempo de acudir.<\/p>\n<p>La Secretar\u00eda de Salud refrend\u00f3 su compromiso con la prevenci\u00f3n y el bienestar de todas y todos, e hizo un llamado a sumarse a este esfuerzo colectivo para mantener a la comunidad sana y protegida.<\/p>\n","protected":false},"excerpt":{"rendered":"<p>Hermosillo, Sonora; 3 de mayo de 2025.- La Secretar\u00eda de Salud (SSP) record\u00f3 que este s\u00e1bado 3 de mayo concluye la Primera Semana Nacional de Vacunaci\u00f3n, por lo que hizo un llamado a la poblaci\u00f3n a acudir a los m\u00f3dulos fijos y semifijos, as\u00ed como a las unidades m\u00e9dicas y hospitales de cualquier instituci\u00f3n p\u00fablica [&hellip;]<\/p>\n","protected":false},"author":2,"featured_media":216990,"comment_status":"closed","ping_status":"closed","sticky":false,"template":"","format":"standard","meta":{"footnotes":""},"categories":[12870,178],"tags":[12865,12869],"class_list":["post-216989","post","type-post","status-publish","format-standard","has-post-thumbnail","hentry","category-destacadas","category-local","tag-destacadas","tag-local"],"jetpack_featured_media_url":"https:\/\/rnoticias.com.mx\/Portal\/wp-content\/uploads\/2025\/05\/unnamed-2-1.jpg","amp_enabled":true,"_links":{"self":[{"href":"https:\/\/rnoticias.com.mx\/Portal\/wp-json\/wp\/v2\/posts\/216989","targetHints":{"allow":["GET"]}}],"collection":[{"href":"https:\/\/rnoticias.com.mx\/Portal\/wp-json\/wp\/v2\/posts"}],"about":[{"href":"https:\/\/rnoticias.com.mx\/Portal\/wp-json\/wp\/v2\/types\/post"}],"author":[{"embeddable":true,"href":"https:\/\/rnoticias.com.mx\/Portal\/wp-json\/wp\/v2\/users\/2"}],"replies":[{"embeddable":true,"href":"https:\/\/rnoticias.com.mx\/Portal\/wp-json\/wp\/v2\/comments?post=216989"}],"version-history":[{"count":1,"href":"https:\/\/rnoticias.com.mx\/Portal\/wp-json\/wp\/v2\/posts\/216989\/revisions"}],"predecessor-version":[{"id":216991,"href":"https:\/\/rnoticias.com.mx\/Portal\/wp-json\/wp\/v2\/posts\/216989\/revisions\/216991"}],"wp:featuredmedia":[{"embeddable":true,"href":"https:\/\/rnoticias.com.mx\/Portal\/wp-json\/wp\/v2\/media\/216990"}],"wp:attachment":[{"href":"https:\/\/rnoticias.com.mx\/Portal\/wp-json\/wp\/v2\/media?parent=216989"}],"wp:term":[{"taxonomy":"category","embeddable":true,"href":"https:\/\/rnoticias.com.mx\/Portal\/wp-json\/wp\/v2\/categories?post=216989"},{"taxonomy":"post_tag","embeddable":true,"href":"https:\/\/rnoticias.com.mx\/Portal\/wp-json\/wp\/v2\/tags?post=216989"}],"curies":[{"name":"wp","href":"https:\/\/api.w.org\/{rel}","templated":true}]}}