{"id":216954,"date":"2025-05-03T03:30:23","date_gmt":"2025-05-03T03:30:23","guid":{"rendered":"https:\/\/rnoticias.com.mx\/Portal\/?p=216954"},"modified":"2025-05-03T03:30:23","modified_gmt":"2025-05-03T03:30:23","slug":"solicitan-apoyo-para-realizar-festejo-del-dia-de-las-madres","status":"publish","type":"post","link":"https:\/\/rnoticias.com.mx\/Portal\/2025\/05\/03\/solicitan-apoyo-para-realizar-festejo-del-dia-de-las-madres\/","title":{"rendered":"Solicitan apoyo para realizar festejo del D\u00eda de las Madres"},"content":{"rendered":"<p>Unique People, organizaci\u00f3n asentada en Hermosillo, Sonora exhorta a la sociedad para que los apoyen en la realizaci\u00f3n del festejo por el D\u00eda de las Madres y ofrecerles desde alimentos hasta servicios gratuitos.<\/p>\n<p>&nbsp;<\/p>\n<p>Iv\u00e1n Maz\u00f3n, quien forma parte de esa agrupaci\u00f3n, indic\u00f3 que con el fin de poder reunir una mayor cantidad de cosas y de hacer una cadena m\u00e1s grande de personas que ayuden, el festejo a las mam\u00e1s ser\u00e1 hasta el 31 de mayo.<\/p>\n<p>&nbsp;<\/p>\n<p><strong>\u201cEstamos solicitando el apoyo de la sociedad y quien se quiera sumar de la forma que sea, bienvenidos. Queremos regalar ese d\u00eda carnets para spa a madres de hijos con alguna discapacidad y otras sorpresas m\u00e1s para todas las madres de familia que nos acompa\u00f1en\u201d, cont\u00f3.<\/strong><\/p>\n<p>&nbsp;<\/p>\n<p>Y precisamente, para sumar a las personas que formar\u00e1n parte de toda la log\u00edstica, convoc\u00f3 a estilistas y manicuristas para brindar servicios gratuitos de corte de cabello, u\u00f1as, aplicaci\u00f3n de gelish y maquillaje a entre 15 a 20 madres de familia, como forma de agradecimiento y reconocimiento.<\/p>\n<p>&nbsp;<\/p>\n<p>Tambi\u00e9n, reconoci\u00f3, se buscar\u00e1 poder hacer regalos y ofr\u00e9celes alimentos, bebidas, pastel o accesorios para una rifa de regalos.<\/p>\n<p>&nbsp;<\/p>\n<p><strong>\u201cQuien guste sumarse a esta noble causa, puede comunicarse al tel\u00e9fono 662 2781980 o mandarnos mensaje por nuestras rede sociales de Unique People\u201d, culmin\u00f3.<\/strong><\/p>\n<p>&nbsp;<\/p>\n","protected":false},"excerpt":{"rendered":"<p>Unique People, organizaci\u00f3n asentada en Hermosillo, Sonora exhorta a la sociedad para que los apoyen en la realizaci\u00f3n del festejo por el D\u00eda de las Madres y ofrecerles desde alimentos hasta servicios gratuitos. &nbsp; Iv\u00e1n Maz\u00f3n, quien forma parte de esa agrupaci\u00f3n, indic\u00f3 que con el fin de poder reunir una mayor cantidad de cosas [&hellip;]<\/p>\n","protected":false},"author":2,"featured_media":216955,"comment_status":"closed","ping_status":"closed","sticky":false,"template":"","format":"standard","meta":{"footnotes":""},"categories":[12870,178],"tags":[12865,12869],"class_list":["post-216954","post","type-post","status-publish","format-standard","has-post-thumbnail","hentry","category-destacadas","category-local","tag-destacadas","tag-local"],"jetpack_featured_media_url":"https:\/\/rnoticias.com.mx\/Portal\/wp-content\/uploads\/2025\/05\/482199409_682282750788404_7163582609718405751_n.jpg","amp_enabled":true,"_links":{"self":[{"href":"https:\/\/rnoticias.com.mx\/Portal\/wp-json\/wp\/v2\/posts\/216954","targetHints":{"allow":["GET"]}}],"collection":[{"href":"https:\/\/rnoticias.com.mx\/Portal\/wp-json\/wp\/v2\/posts"}],"about":[{"href":"https:\/\/rnoticias.com.mx\/Portal\/wp-json\/wp\/v2\/types\/post"}],"author":[{"embeddable":true,"href":"https:\/\/rnoticias.com.mx\/Portal\/wp-json\/wp\/v2\/users\/2"}],"replies":[{"embeddable":true,"href":"https:\/\/rnoticias.com.mx\/Portal\/wp-json\/wp\/v2\/comments?post=216954"}],"version-history":[{"count":1,"href":"https:\/\/rnoticias.com.mx\/Portal\/wp-json\/wp\/v2\/posts\/216954\/revisions"}],"predecessor-version":[{"id":216956,"href":"https:\/\/rnoticias.com.mx\/Portal\/wp-json\/wp\/v2\/posts\/216954\/revisions\/216956"}],"wp:featuredmedia":[{"embeddable":true,"href":"https:\/\/rnoticias.com.mx\/Portal\/wp-json\/wp\/v2\/media\/216955"}],"wp:attachment":[{"href":"https:\/\/rnoticias.com.mx\/Portal\/wp-json\/wp\/v2\/media?parent=216954"}],"wp:term":[{"taxonomy":"category","embeddable":true,"href":"https:\/\/rnoticias.com.mx\/Portal\/wp-json\/wp\/v2\/categories?post=216954"},{"taxonomy":"post_tag","embeddable":true,"href":"https:\/\/rnoticias.com.mx\/Portal\/wp-json\/wp\/v2\/tags?post=216954"}],"curies":[{"name":"wp","href":"https:\/\/api.w.org\/{rel}","templated":true}]}}