{"id":216938,"date":"2025-05-03T01:02:31","date_gmt":"2025-05-03T01:02:31","guid":{"rendered":"https:\/\/rnoticias.com.mx\/Portal\/?p=216938"},"modified":"2025-05-03T01:10:01","modified_gmt":"2025-05-03T01:10:01","slug":"los-que-ganan-son-los-trabajadores-en-mexico-al-reducir-jornada-laboral-ctm-sonora","status":"publish","type":"post","link":"https:\/\/rnoticias.com.mx\/Portal\/2025\/05\/03\/los-que-ganan-son-los-trabajadores-en-mexico-al-reducir-jornada-laboral-ctm-sonora\/","title":{"rendered":"Los que ganan son los trabajadores en M\u00e9xico al reducir jornada laboral: CTM Sonora"},"content":{"rendered":"<p><strong>\u00a0<\/strong><\/p>\n<p>El gremio de los trabajadores en Sonora, considera como un gran nuevo logro para la fuerza laboral, el inicio de la instauraci\u00f3n paulatina de una jornada laboral a 40 horas en diversos giros empresariales y comerciales en M\u00e9xico.<\/p>\n<p>&nbsp;<\/p>\n<p>Javier Villareal G\u00e1mez, dirigente de la Confederaci\u00f3n de Trabajadores de M\u00e9xico (CTM) en Sonora, precis\u00f3 que pr\u00e1cticamente ese anunci\u00f3 dado a conocer por la presidenta de M\u00e9xico, Claudia Sheinbaum este 1 de mayo, vino a ser la \u201ccereza del pastel\u201d, ya que ese d\u00eda se conmemor\u00f3 a los trabajadores de este pa\u00eds.<\/p>\n<p>&nbsp;<\/p>\n<p><strong>\u00a0\u201cEsto que se aprob\u00f3 ayer y que nosotros ped\u00edamos es justamente esa gradualidad que tanto hemos manifestado, lo importante es que ya no se van a manejar parlamentos abiertos, sino que ser\u00e1n mesas de trabajo donde se tomar\u00e1n las decisiones sobre este tema\u201d, mencion\u00f3.<\/strong><\/p>\n<p>&nbsp;<\/p>\n<p>Puntualiz\u00f3, reconocer la posici\u00f3n de la clase empresarial en este asunto en particular, pero precisamente en esas mesas de trabajo que ha convocado la presidenta Claudia Sheinbaum junto a autoridades de gobierno y organizaciones obreras, se va a dialogar y dirimir para ver qu\u00e9 tipo de gradualidad se debe aplicar en la reducci\u00f3n de horas de trabajo por semana que debe culminar en enero del 2030.<\/p>\n<p>&nbsp;<\/p>\n<p><strong>\u201cEse modelo de 40 horas es muy com\u00fan en varios pa\u00edses del mundo, incluso hay sectores como el maquilador y automotriz que ya lo aplican sin problema alguno. Por todo eso, nosotros en CTM respaldamos esa gradualidad laboral que es una demanda leg\u00edtima de los trabajadores mexicanos, se puede bajar primero a las 45 horas a la semana, luego a las 42 y culminar en las 40 por semana\u201d, argument\u00f3.<\/strong><\/p>\n<p>&nbsp;<\/p>\n<p>Igualmente, el dirigente de la CTM en Sonora coment\u00f3, que otros de los temas en los cuales van a seguir luchando hasta lograr objetivos planteados son: subir el pago de aguinaldo de 15 a 30 d\u00edas, la reducci\u00f3n de impuestos en aguinaldos, reparto de utilidades, vacaciones, tiempo extra a fin de hacerle justicia a los trabajadores mexicanos.<\/p>\n","protected":false},"excerpt":{"rendered":"<p>\u00a0 El gremio de los trabajadores en Sonora, considera como un gran nuevo logro para la fuerza laboral, el inicio de la instauraci\u00f3n paulatina de una jornada laboral a 40 horas en diversos giros empresariales y comerciales en M\u00e9xico. &nbsp; Javier Villareal G\u00e1mez, dirigente de la Confederaci\u00f3n de Trabajadores de M\u00e9xico (CTM) en Sonora, precis\u00f3 [&hellip;]<\/p>\n","protected":false},"author":2,"featured_media":216939,"comment_status":"closed","ping_status":"closed","sticky":false,"template":"","format":"standard","meta":{"footnotes":""},"categories":[12870,178],"tags":[12865,12869],"class_list":["post-216938","post","type-post","status-publish","format-standard","has-post-thumbnail","hentry","category-destacadas","category-local","tag-destacadas","tag-local"],"jetpack_featured_media_url":"https:\/\/rnoticias.com.mx\/Portal\/wp-content\/uploads\/2025\/05\/ctm-urge-sumarse-a-la-lucha-por-las-tarifas-electricas-en-sonora-focus-0-0-732-549.jpg-focus-0-0-732-549.jpg","amp_enabled":true,"_links":{"self":[{"href":"https:\/\/rnoticias.com.mx\/Portal\/wp-json\/wp\/v2\/posts\/216938","targetHints":{"allow":["GET"]}}],"collection":[{"href":"https:\/\/rnoticias.com.mx\/Portal\/wp-json\/wp\/v2\/posts"}],"about":[{"href":"https:\/\/rnoticias.com.mx\/Portal\/wp-json\/wp\/v2\/types\/post"}],"author":[{"embeddable":true,"href":"https:\/\/rnoticias.com.mx\/Portal\/wp-json\/wp\/v2\/users\/2"}],"replies":[{"embeddable":true,"href":"https:\/\/rnoticias.com.mx\/Portal\/wp-json\/wp\/v2\/comments?post=216938"}],"version-history":[{"count":1,"href":"https:\/\/rnoticias.com.mx\/Portal\/wp-json\/wp\/v2\/posts\/216938\/revisions"}],"predecessor-version":[{"id":216940,"href":"https:\/\/rnoticias.com.mx\/Portal\/wp-json\/wp\/v2\/posts\/216938\/revisions\/216940"}],"wp:featuredmedia":[{"embeddable":true,"href":"https:\/\/rnoticias.com.mx\/Portal\/wp-json\/wp\/v2\/media\/216939"}],"wp:attachment":[{"href":"https:\/\/rnoticias.com.mx\/Portal\/wp-json\/wp\/v2\/media?parent=216938"}],"wp:term":[{"taxonomy":"category","embeddable":true,"href":"https:\/\/rnoticias.com.mx\/Portal\/wp-json\/wp\/v2\/categories?post=216938"},{"taxonomy":"post_tag","embeddable":true,"href":"https:\/\/rnoticias.com.mx\/Portal\/wp-json\/wp\/v2\/tags?post=216938"}],"curies":[{"name":"wp","href":"https:\/\/api.w.org\/{rel}","templated":true}]}}