{"id":216811,"date":"2025-05-01T14:19:16","date_gmt":"2025-05-01T14:19:16","guid":{"rendered":"https:\/\/rnoticias.com.mx\/Portal\/?p=216811"},"modified":"2025-05-01T14:19:16","modified_gmt":"2025-05-01T14:19:16","slug":"por-que-ernesto-zedillo-recibe-una-pension-de-143-mil-pesos-mensuales","status":"publish","type":"post","link":"https:\/\/rnoticias.com.mx\/Portal\/2025\/05\/01\/por-que-ernesto-zedillo-recibe-una-pension-de-143-mil-pesos-mensuales\/","title":{"rendered":"\u00bfPor qu\u00e9 Ernesto Zedillo recibe una pensi\u00f3n de 143 mil pesos mensuales?"},"content":{"rendered":"<p>Una de las promesas de campa\u00f1a de L\u00f3pez Obrador en 2018 fue la\u00a0<strong>eliminaci\u00f3n de la pensi\u00f3n para expresidentes,<\/strong>\u00a0que en ese entonces era entregada a Felipe Calder\u00f3n, Vicente Fox, Ernesto Zedillo, Carlos Salinas de Gortari y Luis Echeverr\u00eda, y que ascend\u00eda para cada uno a 205 mil pesos mensuales m\u00e1s aguinaldo, bonos, compensaciones, pago de telefon\u00eda, servicios domiciliarios, automovil\u00edsticos, personal de ayundant\u00eda y escoltas para su seguridad.<\/p>\n<p>Incluso antes de la\u00a0toma de posesi\u00f3n de AMLO como presidente, en diciembre de 2018, la promesa fue materializada con la reforma a la Ley Federal de Remuneraciones de los Servidores P\u00fablicos, publicada el 5 de noviembre de 2018, cuando Pe\u00f1a Nieto a\u00fan estaba en funciones.<\/p>\n<p>El tema de las pensiones a expresidentes volvi\u00f3 a la arena p\u00fablica esta semana, despu\u00e9s de que\u00a0<strong>Ernesto Zedillo<\/strong>\u00a0lanzara cr\u00edticas a los gobiernos de Morena con motivo de la reforma judicial que fueron respondidos por la presidenta\u00a0<strong>Claudia Sheinbaum<\/strong>\u00a0en su conferencia matutina con\u00a0<strong>alusiones al Fondo Bancario de Protecci\u00f3n al Ahorro\u00a0(Fobaproa), deuda p\u00fablica aprobada durante el sexenio de Zedillo que no ha podido ser cubierta e incluso ha crecido, y a la pensi\u00f3n de m\u00e1s de 143 mil pesos mensuales que el expresidente recibe.<\/strong><\/p>\n<p><strong>Esta pensi\u00f3n es distinta a la que recib\u00eda como expresidente, y corresponde a su paso por el Banco de M\u00e9xico (Banxico) por 9 a\u00f1os, de 1978 a 1987,<\/strong>\u00a0donde fungi\u00f3 como analista, subgerente de investigaci\u00f3n econ\u00f3mica y director del Fondo de Intercambio, Cobertura de Riesgos y Confianza (Ficorca).<\/p>\n<p><strong>La pensi\u00f3n es vitalicia y corresponde al promedio neto correspondiente a su \u00faltimo a\u00f1o de labores en la instituci\u00f3n.<\/strong><\/p>\n<p>Las leyes que permit\u00edan esta extraordinaria prestaci\u00f3n tambi\u00e9n fue derogada (en 1994), pero al no ser retroactiva,\u00a0<strong>es recibida por otras figuras p\u00fablicas como Agust\u00edn Carstens y Guillermo Ortiz, exgobernadores de Banxico, y rancisco Gil D\u00edaz, exsubgobernador.<\/strong><\/p>\n<p><strong>La presidenta\u00a0Sheinbaum\u00a0ha pedido a\u00a0Banxico\u00a0que informe a detalle sobre la pensi\u00f3n otorgada a\u00a0Zedillo\u00a0y anunci\u00f3 que su gobierno estar\u00e1 difundiendo pormenores del\u00a0Fobaproa,<\/strong>\u00a0que actualmente representa pasivos por m\u00e1s de un bill\u00f3n de pesos.<\/p>\n<div class=\"div-pos-7\"><\/div>\n<h4>Zedillo pide aclarar los beneficios de AMLO<\/h4>\n<p>En la continuaci\u00f3n de la disputa, el expresidente Ernesto Zedillo escribi\u00f3 una carta p\u00fablica para defenderse de lo que \u00e9l asegura son calumnias de parte de la Presidenta Claudia Sheinbaum.<\/p>\n<p>En una parte de su carta, el expresidente hace referencia a la eliminaci\u00f3n de pensiones a expresidentes y aclara la referencia que la hoy Presidenta hizo sobre la pensi\u00f3n que recibe del Banco de M\u00e9xico.\u00a0<strong>Zedillo calific\u00f3 como \u201cinsidiosa e ilegal\u201d la referencia de la Presidenta Claudia Sheinbaum hacia su pensi\u00f3n como extrabajador del Banco de M\u00e9xico,<\/strong>\u00a0por lo que le exigi\u00f3 que aclare el argumento jur\u00eddico y la cantidad de apoyo que recibe el expresidente Andr\u00e9s Manuel L\u00f3pez Obrador por parte del Gobierno federal.<\/p>\n<p>\u201cCabe demandarle que aclare con todo detalle el fundamento jur\u00eddico y el costo de los enormes beneficios que goza L\u00f3pez Obrador en su simulado retiro con cargo al erario p\u00fablico. El ocultamiento de esta informaci\u00f3n seguramente ayud\u00f3 a tomar la decisi\u00f3n de desaparecer al Instituto Nacional de Transparencia\u201d, se\u00f1al\u00f3.<\/p>\n<p>En su momento,<strong>\u00a0L\u00f3pez Obrador dijo que se jubilar\u00eda con la pensi\u00f3n del Instituto de Seguridad y Servicios Sociales de los Trabajadores (ISSSTE), de\u00a021 mil 659.40 pesos cada mes, m\u00e1s la pensi\u00f3n del Bienestar<\/strong>\u00a0para adultos mayores, que entrega 6 mil 200 pesos bimestrales.<\/p>\n","protected":false},"excerpt":{"rendered":"<p>Una de las promesas de campa\u00f1a de L\u00f3pez Obrador en 2018 fue la\u00a0eliminaci\u00f3n de la pensi\u00f3n para expresidentes,\u00a0que en ese entonces era entregada a Felipe Calder\u00f3n, Vicente Fox, Ernesto Zedillo, Carlos Salinas de Gortari y Luis Echeverr\u00eda, y que ascend\u00eda para cada uno a 205 mil pesos mensuales m\u00e1s aguinaldo, bonos, compensaciones, pago de telefon\u00eda, [&hellip;]<\/p>\n","protected":false},"author":2,"featured_media":216812,"comment_status":"closed","ping_status":"closed","sticky":false,"template":"","format":"standard","meta":{"footnotes":""},"categories":[12870,172],"tags":[12865,12874],"class_list":["post-216811","post","type-post","status-publish","format-standard","has-post-thumbnail","hentry","category-destacadas","category-nacional","tag-destacadas","tag-nacional"],"jetpack_featured_media_url":"https:\/\/rnoticias.com.mx\/Portal\/wp-content\/uploads\/2025\/05\/29200.jpg","amp_enabled":true,"_links":{"self":[{"href":"https:\/\/rnoticias.com.mx\/Portal\/wp-json\/wp\/v2\/posts\/216811","targetHints":{"allow":["GET"]}}],"collection":[{"href":"https:\/\/rnoticias.com.mx\/Portal\/wp-json\/wp\/v2\/posts"}],"about":[{"href":"https:\/\/rnoticias.com.mx\/Portal\/wp-json\/wp\/v2\/types\/post"}],"author":[{"embeddable":true,"href":"https:\/\/rnoticias.com.mx\/Portal\/wp-json\/wp\/v2\/users\/2"}],"replies":[{"embeddable":true,"href":"https:\/\/rnoticias.com.mx\/Portal\/wp-json\/wp\/v2\/comments?post=216811"}],"version-history":[{"count":1,"href":"https:\/\/rnoticias.com.mx\/Portal\/wp-json\/wp\/v2\/posts\/216811\/revisions"}],"predecessor-version":[{"id":216813,"href":"https:\/\/rnoticias.com.mx\/Portal\/wp-json\/wp\/v2\/posts\/216811\/revisions\/216813"}],"wp:featuredmedia":[{"embeddable":true,"href":"https:\/\/rnoticias.com.mx\/Portal\/wp-json\/wp\/v2\/media\/216812"}],"wp:attachment":[{"href":"https:\/\/rnoticias.com.mx\/Portal\/wp-json\/wp\/v2\/media?parent=216811"}],"wp:term":[{"taxonomy":"category","embeddable":true,"href":"https:\/\/rnoticias.com.mx\/Portal\/wp-json\/wp\/v2\/categories?post=216811"},{"taxonomy":"post_tag","embeddable":true,"href":"https:\/\/rnoticias.com.mx\/Portal\/wp-json\/wp\/v2\/tags?post=216811"}],"curies":[{"name":"wp","href":"https:\/\/api.w.org\/{rel}","templated":true}]}}