{"id":216798,"date":"2025-05-01T13:56:47","date_gmt":"2025-05-01T13:56:47","guid":{"rendered":"https:\/\/rnoticias.com.mx\/Portal\/?p=216798"},"modified":"2025-05-01T13:56:47","modified_gmt":"2025-05-01T13:56:47","slug":"reconoce-gobierno-de-sonora-a-ganadores-del-concurso-estatal-academico-y-cultural-2025-cobach","status":"publish","type":"post","link":"https:\/\/rnoticias.com.mx\/Portal\/2025\/05\/01\/reconoce-gobierno-de-sonora-a-ganadores-del-concurso-estatal-academico-y-cultural-2025-cobach\/","title":{"rendered":"Reconoce Gobierno de Sonora a ganadores del Concurso Estatal Acad\u00e9mico y Cultural 2025: Cobach"},"content":{"rendered":"<p align=\"left\">Hermosillo, Sonora; 01 de mayo de 2025.\u2013 El Colegio de Bachilleres del Estado de Sonora (Cobach) reconoci\u00f3 con medallas y constancias a las y los estudiantes que resultaron ganadores del tradicional Concurso Estatal Acad\u00e9mico y Cultural (CEAyC) 2025, en un evento que celebr\u00f3 la excelencia educativa impulsada por el Gobierno del Estado a trav\u00e9s de esta instituci\u00f3n.<\/p>\n<p align=\"left\">En total, 240 estudiantes llegaron a la gran final del CEAyC y 78 de ellos obtuvieron los tres primeros lugares en 26 distintas categor\u00edas. Este proceso inici\u00f3 en octubre, con la participaci\u00f3n de cinco mil 485 estudiantes \u2014tres mil 585 en la rama acad\u00e9mica y mil 900 en la cultural\u2014 inscritos en la fase intramuros de los 30 planteles y escuelas preparatorias incorporadas al subsistema.<\/p>\n<p align=\"left\">El director general del Cobach, Rodrigo Arturo Rosas Burgos, acompa\u00f1ado de la directora general de Educaci\u00f3n Media Superior de la Secretar\u00eda de Educaci\u00f3n y Cultura (SEC) Martha Guadalupe Enr\u00edquez Cajigas, encabez\u00f3 la ceremonia especial de entrega de reconocimientos celebrada en el marco del 50 aniversario del Colegio de Bachilleres del Estado de Sonora.<\/p>\n<p align=\"left\">Rosas Burgos expres\u00f3 su admiraci\u00f3n y orgullo por cada uno de los alumnos participantes: \u201cUstedes son la clave y el referente de la calidad en la educaci\u00f3n que distingue al Colegio de Bachilleres\u201d. A\u00f1adi\u00f3 que, en el marco del 50 aniversario del Cobach, esta edici\u00f3n del concurso evidenci\u00f3 el potencial de j\u00f3venes brillantes que buscan transformar su entorno.<\/p>\n<p align=\"left\">Expuso que a lo largo de esta edici\u00f3n del CEAyC se vio brillar el talento de las y los estudiantes, \u201chemos visto mentes creativas y corazones apasionados en cada competencia, en cada presentaci\u00f3n, en cada intercambio de ideas\u201d y que todas y todos han demostrado que el conocimiento y la cultura son pilares fundamentales para construir una sociedad m\u00e1s justa, m\u00e1s cr\u00edtica, m\u00e1s humana.<\/p>\n<p align=\"left\">En el Teatro Auditorio del Cobach, recibieron reconocimiento los estudiantes que participaron en las modalidades: Acad\u00e9mica en categor\u00edas de ingl\u00e9s, Pensamiento Matem\u00e1tico, Ciencias Naturales y Experimentales, Lengua y Comunicaci\u00f3n, Humanidades y Sociales, entre otras; y en la Cultural, en Cuento Breve, Baile Regional, Declamaci\u00f3n, Oratoria, Pintura y Poes\u00eda.<\/p>\n","protected":false},"excerpt":{"rendered":"<p>Hermosillo, Sonora; 01 de mayo de 2025.\u2013 El Colegio de Bachilleres del Estado de Sonora (Cobach) reconoci\u00f3 con medallas y constancias a las y los estudiantes que resultaron ganadores del tradicional Concurso Estatal Acad\u00e9mico y Cultural (CEAyC) 2025, en un evento que celebr\u00f3 la excelencia educativa impulsada por el Gobierno del Estado a trav\u00e9s de [&hellip;]<\/p>\n","protected":false},"author":2,"featured_media":216799,"comment_status":"closed","ping_status":"closed","sticky":false,"template":"","format":"standard","meta":{"footnotes":""},"categories":[12870,178],"tags":[12865,12869],"class_list":["post-216798","post","type-post","status-publish","format-standard","has-post-thumbnail","hentry","category-destacadas","category-local","tag-destacadas","tag-local"],"jetpack_featured_media_url":"https:\/\/rnoticias.com.mx\/Portal\/wp-content\/uploads\/2025\/05\/unnamed-4.jpg","amp_enabled":true,"_links":{"self":[{"href":"https:\/\/rnoticias.com.mx\/Portal\/wp-json\/wp\/v2\/posts\/216798","targetHints":{"allow":["GET"]}}],"collection":[{"href":"https:\/\/rnoticias.com.mx\/Portal\/wp-json\/wp\/v2\/posts"}],"about":[{"href":"https:\/\/rnoticias.com.mx\/Portal\/wp-json\/wp\/v2\/types\/post"}],"author":[{"embeddable":true,"href":"https:\/\/rnoticias.com.mx\/Portal\/wp-json\/wp\/v2\/users\/2"}],"replies":[{"embeddable":true,"href":"https:\/\/rnoticias.com.mx\/Portal\/wp-json\/wp\/v2\/comments?post=216798"}],"version-history":[{"count":1,"href":"https:\/\/rnoticias.com.mx\/Portal\/wp-json\/wp\/v2\/posts\/216798\/revisions"}],"predecessor-version":[{"id":216800,"href":"https:\/\/rnoticias.com.mx\/Portal\/wp-json\/wp\/v2\/posts\/216798\/revisions\/216800"}],"wp:featuredmedia":[{"embeddable":true,"href":"https:\/\/rnoticias.com.mx\/Portal\/wp-json\/wp\/v2\/media\/216799"}],"wp:attachment":[{"href":"https:\/\/rnoticias.com.mx\/Portal\/wp-json\/wp\/v2\/media?parent=216798"}],"wp:term":[{"taxonomy":"category","embeddable":true,"href":"https:\/\/rnoticias.com.mx\/Portal\/wp-json\/wp\/v2\/categories?post=216798"},{"taxonomy":"post_tag","embeddable":true,"href":"https:\/\/rnoticias.com.mx\/Portal\/wp-json\/wp\/v2\/tags?post=216798"}],"curies":[{"name":"wp","href":"https:\/\/api.w.org\/{rel}","templated":true}]}}