{"id":216793,"date":"2025-05-01T05:20:43","date_gmt":"2025-05-01T05:20:43","guid":{"rendered":"https:\/\/rnoticias.com.mx\/Portal\/?p=216793"},"modified":"2025-05-01T05:21:16","modified_gmt":"2025-05-01T05:21:16","slug":"presenta-gobierno-de-sonora-nueva-imagen-de-placas-vehiculares-para-el-estado","status":"publish","type":"post","link":"https:\/\/rnoticias.com.mx\/Portal\/2025\/05\/01\/presenta-gobierno-de-sonora-nueva-imagen-de-placas-vehiculares-para-el-estado\/","title":{"rendered":"Presenta Gobierno de Sonora nueva imagen de placas vehiculares para el estado"},"content":{"rendered":"<p>Hermosillo, Sonora; 30 de abril 2025.- Con el compromiso de modernizar los servicios vehiculares y ofrecer mayor seguridad a la ciudadan\u00eda, el Gobierno de Sonora, a trav\u00e9s de la Secretar\u00eda de Hacienda, present\u00f3 el nuevo dise\u00f1o de placas para veh\u00edculos y unidades automotoras que circular\u00e1n en la entidad a partir de este a\u00f1o.<\/p>\n<p>El anuncio fue realizado por el subsecretario de Ingresos, Jorge Iv\u00e1n de la Rosa Flores, quien explic\u00f3 que este cambio responde a la necesidad de actualizar el parque vehicular de forma paulatina, ya que el dise\u00f1o actual tiene m\u00e1s de 11 a\u00f1os con modificaciones m\u00ednimas. Esta renovaci\u00f3n permitir\u00e1 mejorar la visibilidad, fortalecer los elementos de seguridad y reforzar la identidad regional, integrando im\u00e1genes representativas de la sierra, el valle y el desierto sonorense.<\/p>\n<p>De la Rosa Flores se\u00f1al\u00f3 que el nuevo dise\u00f1o ser\u00e1 aplicable \u00fanicamente a quienes realicen tr\u00e1mites que impliquen la expedici\u00f3n de placas, ya sea por unidades nuevas o usadas. No ser\u00e1 necesario el cambio de placas para veh\u00edculos que ya cuenten con placas, por lo que ambos dise\u00f1os estar\u00e1n vigentes y podr\u00e1n circular sin inconvenientes.<\/p>\n<p>Entre las novedades, se incluye la incorporaci\u00f3n de nuevos servicios de emplacamiento, como placas para veh\u00edculos ecol\u00f3gicos y autos antiguos, as\u00ed como la creaci\u00f3n de dise\u00f1os con identidad propia para unidades de emergencia como ambulancias, patrullas y veh\u00edculos de bomberos. La nueva clasificaci\u00f3n contempla todas las modalidades de transporte privado y p\u00fablico, incluyendo personas con discapacidad y veh\u00edculos fronterizos.<\/p>\n<p>Con esta actualizaci\u00f3n, el Gobierno de Sonora avanza hacia una administraci\u00f3n vehicular m\u00e1s moderna, segura y eficiente, en beneficio de las y los sonorenses. La Secretar\u00eda de Hacienda continuar\u00e1 trabajando para ofrecer servicios m\u00e1s accesibles, actualizados y acordes a las necesidades de la ciudadan\u00eda.<\/p>\n","protected":false},"excerpt":{"rendered":"<p>Hermosillo, Sonora; 30 de abril 2025.- Con el compromiso de modernizar los servicios vehiculares y ofrecer mayor seguridad a la ciudadan\u00eda, el Gobierno de Sonora, a trav\u00e9s de la Secretar\u00eda de Hacienda, present\u00f3 el nuevo dise\u00f1o de placas para veh\u00edculos y unidades automotoras que circular\u00e1n en la entidad a partir de este a\u00f1o. El anuncio [&hellip;]<\/p>\n","protected":false},"author":2,"featured_media":216794,"comment_status":"closed","ping_status":"closed","sticky":false,"template":"","format":"standard","meta":{"footnotes":""},"categories":[178],"tags":[12869],"class_list":["post-216793","post","type-post","status-publish","format-standard","has-post-thumbnail","hentry","category-local","tag-local"],"jetpack_featured_media_url":"https:\/\/rnoticias.com.mx\/Portal\/wp-content\/uploads\/2025\/05\/unnamed-19.jpg","amp_enabled":true,"_links":{"self":[{"href":"https:\/\/rnoticias.com.mx\/Portal\/wp-json\/wp\/v2\/posts\/216793","targetHints":{"allow":["GET"]}}],"collection":[{"href":"https:\/\/rnoticias.com.mx\/Portal\/wp-json\/wp\/v2\/posts"}],"about":[{"href":"https:\/\/rnoticias.com.mx\/Portal\/wp-json\/wp\/v2\/types\/post"}],"author":[{"embeddable":true,"href":"https:\/\/rnoticias.com.mx\/Portal\/wp-json\/wp\/v2\/users\/2"}],"replies":[{"embeddable":true,"href":"https:\/\/rnoticias.com.mx\/Portal\/wp-json\/wp\/v2\/comments?post=216793"}],"version-history":[{"count":1,"href":"https:\/\/rnoticias.com.mx\/Portal\/wp-json\/wp\/v2\/posts\/216793\/revisions"}],"predecessor-version":[{"id":216795,"href":"https:\/\/rnoticias.com.mx\/Portal\/wp-json\/wp\/v2\/posts\/216793\/revisions\/216795"}],"wp:featuredmedia":[{"embeddable":true,"href":"https:\/\/rnoticias.com.mx\/Portal\/wp-json\/wp\/v2\/media\/216794"}],"wp:attachment":[{"href":"https:\/\/rnoticias.com.mx\/Portal\/wp-json\/wp\/v2\/media?parent=216793"}],"wp:term":[{"taxonomy":"category","embeddable":true,"href":"https:\/\/rnoticias.com.mx\/Portal\/wp-json\/wp\/v2\/categories?post=216793"},{"taxonomy":"post_tag","embeddable":true,"href":"https:\/\/rnoticias.com.mx\/Portal\/wp-json\/wp\/v2\/tags?post=216793"}],"curies":[{"name":"wp","href":"https:\/\/api.w.org\/{rel}","templated":true}]}}