{"id":216764,"date":"2025-05-01T00:33:44","date_gmt":"2025-05-01T00:33:44","guid":{"rendered":"https:\/\/rnoticias.com.mx\/Portal\/?p=216764"},"modified":"2025-05-01T00:33:44","modified_gmt":"2025-05-01T00:33:44","slug":"recibe-dif-sonora-donativo-de-programa-redondeo-en-beneficio-a-poblacion-vulnerable-de-sonora","status":"publish","type":"post","link":"https:\/\/rnoticias.com.mx\/Portal\/2025\/05\/01\/recibe-dif-sonora-donativo-de-programa-redondeo-en-beneficio-a-poblacion-vulnerable-de-sonora\/","title":{"rendered":"Recibe DIF Sonora donativo de programa Redondeo en beneficio a poblaci\u00f3n vulnerable de Sonora"},"content":{"rendered":"<p>Hermosillo, Sonora; 30 de abril de 2025.- El Sistema DIF Sonora recibi\u00f3 un donativo por 124 mil 656 pesos, gracias a la solidaridad de las y los clientes de tiendas OXXO que participaron en su programa de Redondeo durante los meses recientes.<\/p>\n<p>Este recurso ser\u00e1 destinado a brindar atenci\u00f3n m\u00e9dica especializada a personas en situaci\u00f3n de vulnerabilidad, refrendando as\u00ed el compromiso del Gobierno del Estado de Sonora, que encabeza el gobernador Alfonso Durazo Monta\u00f1o, de trabajar de la mano con empresas socialmente responsables para mejorar la calidad de vida de quienes m\u00e1s lo necesitan.<\/p>\n<p>Durante la ceremonia, Ana Roc\u00edo P\u00e9rez Medina, directora general de Atenci\u00f3n a Poblaci\u00f3n Vulnerable, en representaci\u00f3n de Lizeth V\u00e1squez Ochoa, directora general del Sistema DIF Sonora, agradeci\u00f3 la colaboraci\u00f3n con las tiendas OXXO, cuyas acciones beneficiar\u00e1n a los grupos de atenci\u00f3n prioritaria.<\/p>\n<p>\u201cEl gobernador Alfonso Durazo tiene la visi\u00f3n de que la corresponsabilidad con los sectores privado y social contribuye a la atenci\u00f3n efectiva de la gente. Las necesidades son muchas y los recursos son limitados. Cada peso que las personas voluntariamente donaron en favor de las personas que m\u00e1s lo necesitan abona a la construcci\u00f3n de un estado solidario e igualitario\u201d, enfatiz\u00f3.<\/p>\n<p>Por su parte, Jos\u00e9 D\u00edaz, responsable administrativo, y Vanesa Flores, representante de Recursos Humanos de tiendas OXXO, reiteraron el compromiso de la empresa de seguir promoviendo el programa de Redondeo para continuar fomentando la solidaridad.<\/p>\n<p>Con este donativo, se fortalecen los programas de atenci\u00f3n a poblaci\u00f3n vulnerable, reafirmando que la suma de voluntades entre gobierno, empresas y ciudadan\u00eda puede cambiar positivamente la vida de muchas personas.<\/p>\n<p>La ceremonia concluy\u00f3 con la entrega simb\u00f3lica del cheque y reconocimientos especiales para las tiendas OXXO que tuvieron mayor recaudaci\u00f3n.<\/p>\n","protected":false},"excerpt":{"rendered":"<p>Hermosillo, Sonora; 30 de abril de 2025.- El Sistema DIF Sonora recibi\u00f3 un donativo por 124 mil 656 pesos, gracias a la solidaridad de las y los clientes de tiendas OXXO que participaron en su programa de Redondeo durante los meses recientes. Este recurso ser\u00e1 destinado a brindar atenci\u00f3n m\u00e9dica especializada a personas en situaci\u00f3n [&hellip;]<\/p>\n","protected":false},"author":2,"featured_media":216765,"comment_status":"closed","ping_status":"closed","sticky":false,"template":"","format":"standard","meta":{"footnotes":""},"categories":[12870,178],"tags":[12865,12869],"class_list":["post-216764","post","type-post","status-publish","format-standard","has-post-thumbnail","hentry","category-destacadas","category-local","tag-destacadas","tag-local"],"jetpack_featured_media_url":"https:\/\/rnoticias.com.mx\/Portal\/wp-content\/uploads\/2025\/05\/unnamed-2.jpg","amp_enabled":true,"_links":{"self":[{"href":"https:\/\/rnoticias.com.mx\/Portal\/wp-json\/wp\/v2\/posts\/216764","targetHints":{"allow":["GET"]}}],"collection":[{"href":"https:\/\/rnoticias.com.mx\/Portal\/wp-json\/wp\/v2\/posts"}],"about":[{"href":"https:\/\/rnoticias.com.mx\/Portal\/wp-json\/wp\/v2\/types\/post"}],"author":[{"embeddable":true,"href":"https:\/\/rnoticias.com.mx\/Portal\/wp-json\/wp\/v2\/users\/2"}],"replies":[{"embeddable":true,"href":"https:\/\/rnoticias.com.mx\/Portal\/wp-json\/wp\/v2\/comments?post=216764"}],"version-history":[{"count":1,"href":"https:\/\/rnoticias.com.mx\/Portal\/wp-json\/wp\/v2\/posts\/216764\/revisions"}],"predecessor-version":[{"id":216766,"href":"https:\/\/rnoticias.com.mx\/Portal\/wp-json\/wp\/v2\/posts\/216764\/revisions\/216766"}],"wp:featuredmedia":[{"embeddable":true,"href":"https:\/\/rnoticias.com.mx\/Portal\/wp-json\/wp\/v2\/media\/216765"}],"wp:attachment":[{"href":"https:\/\/rnoticias.com.mx\/Portal\/wp-json\/wp\/v2\/media?parent=216764"}],"wp:term":[{"taxonomy":"category","embeddable":true,"href":"https:\/\/rnoticias.com.mx\/Portal\/wp-json\/wp\/v2\/categories?post=216764"},{"taxonomy":"post_tag","embeddable":true,"href":"https:\/\/rnoticias.com.mx\/Portal\/wp-json\/wp\/v2\/tags?post=216764"}],"curies":[{"name":"wp","href":"https:\/\/api.w.org\/{rel}","templated":true}]}}