{"id":216754,"date":"2025-05-01T00:24:33","date_gmt":"2025-05-01T00:24:33","guid":{"rendered":"https:\/\/rnoticias.com.mx\/Portal\/?p=216754"},"modified":"2025-05-01T00:24:33","modified_gmt":"2025-05-01T00:24:33","slug":"gobernador-durazo-logra-nivel-mas-alto-en-actividad-economica-en-la-historia-de-sonora","status":"publish","type":"post","link":"https:\/\/rnoticias.com.mx\/Portal\/2025\/05\/01\/gobernador-durazo-logra-nivel-mas-alto-en-actividad-economica-en-la-historia-de-sonora\/","title":{"rendered":"Gobernador Durazo logra nivel m\u00e1s alto en actividad econ\u00f3mica en la historia de Sonora"},"content":{"rendered":"<p>Hermosillo, Sonora; 30 de abril de 2025.- Con un crecimiento sostenido entre 2021 y 2024, Sonora alcanz\u00f3 su nivel m\u00e1s alto en el Indicador Anualizado de la Actividad Econ\u00f3mica desde que se tiene registro, con 105.8 puntos al cierre de diciembre del a\u00f1o pasado, destac\u00f3 el gobernador Alfonso Durazo Monta\u00f1o.<\/p>\n<p>De acuerdo con datos del Instituto Nacional de Estad\u00edstica y Geograf\u00eda (INEGI), desde el inicio del actual gobierno estatal, la econom\u00eda sonorense ha mantenido una trayectoria ascendente, superando la etapa de estancamiento y recesi\u00f3n registrada entre 2018 y 2020. En ese periodo, los niveles fueron de 99.7 en 2018, un ligero incremento a 100.1 en 2019 y una marcada ca\u00edda a 94.0 en 2020, cifras que reflejan el retroceso econ\u00f3mico previo a la pandemia.<\/p>\n<p>En los \u00faltimos tres a\u00f1os, la tendencia comenz\u00f3 a revertirse con un repunte de 100.5 en 2022, 104.9 en 2023 y, finalmente, 105.8 en 2024, cifra que representa un m\u00e1ximo hist\u00f3rico para la entidad.<\/p>\n<p>Este desempe\u00f1o econ\u00f3mico es resultado de las pol\u00edticas p\u00fablicas implementadas por el gobierno estatal, orientadas a fortalecer la inversi\u00f3n, impulsar el desarrollo industrial, fomentar la innovaci\u00f3n tecnol\u00f3gica y promover la inclusi\u00f3n social en todo el territorio sonorense.<\/p>\n","protected":false},"excerpt":{"rendered":"<p>Hermosillo, Sonora; 30 de abril de 2025.- Con un crecimiento sostenido entre 2021 y 2024, Sonora alcanz\u00f3 su nivel m\u00e1s alto en el Indicador Anualizado de la Actividad Econ\u00f3mica desde que se tiene registro, con 105.8 puntos al cierre de diciembre del a\u00f1o pasado, destac\u00f3 el gobernador Alfonso Durazo Monta\u00f1o. De acuerdo con datos del [&hellip;]<\/p>\n","protected":false},"author":2,"featured_media":216755,"comment_status":"closed","ping_status":"closed","sticky":false,"template":"","format":"standard","meta":{"footnotes":""},"categories":[12870,178],"tags":[12865,12869],"class_list":["post-216754","post","type-post","status-publish","format-standard","has-post-thumbnail","hentry","category-destacadas","category-local","tag-destacadas","tag-local"],"jetpack_featured_media_url":"https:\/\/rnoticias.com.mx\/Portal\/wp-content\/uploads\/2025\/05\/unnamed.jpg","amp_enabled":true,"_links":{"self":[{"href":"https:\/\/rnoticias.com.mx\/Portal\/wp-json\/wp\/v2\/posts\/216754","targetHints":{"allow":["GET"]}}],"collection":[{"href":"https:\/\/rnoticias.com.mx\/Portal\/wp-json\/wp\/v2\/posts"}],"about":[{"href":"https:\/\/rnoticias.com.mx\/Portal\/wp-json\/wp\/v2\/types\/post"}],"author":[{"embeddable":true,"href":"https:\/\/rnoticias.com.mx\/Portal\/wp-json\/wp\/v2\/users\/2"}],"replies":[{"embeddable":true,"href":"https:\/\/rnoticias.com.mx\/Portal\/wp-json\/wp\/v2\/comments?post=216754"}],"version-history":[{"count":1,"href":"https:\/\/rnoticias.com.mx\/Portal\/wp-json\/wp\/v2\/posts\/216754\/revisions"}],"predecessor-version":[{"id":216756,"href":"https:\/\/rnoticias.com.mx\/Portal\/wp-json\/wp\/v2\/posts\/216754\/revisions\/216756"}],"wp:featuredmedia":[{"embeddable":true,"href":"https:\/\/rnoticias.com.mx\/Portal\/wp-json\/wp\/v2\/media\/216755"}],"wp:attachment":[{"href":"https:\/\/rnoticias.com.mx\/Portal\/wp-json\/wp\/v2\/media?parent=216754"}],"wp:term":[{"taxonomy":"category","embeddable":true,"href":"https:\/\/rnoticias.com.mx\/Portal\/wp-json\/wp\/v2\/categories?post=216754"},{"taxonomy":"post_tag","embeddable":true,"href":"https:\/\/rnoticias.com.mx\/Portal\/wp-json\/wp\/v2\/tags?post=216754"}],"curies":[{"name":"wp","href":"https:\/\/api.w.org\/{rel}","templated":true}]}}