{"id":216705,"date":"2025-04-30T16:56:33","date_gmt":"2025-04-30T16:56:33","guid":{"rendered":"https:\/\/rnoticias.com.mx\/Portal\/?p=216705"},"modified":"2025-04-30T16:56:33","modified_gmt":"2025-04-30T16:56:33","slug":"asesinan-a-german-anuar-candidato-a-la-alcaldia-de-coxquihui-veracruz-en-el-primer-dia-de-campana","status":"publish","type":"post","link":"https:\/\/rnoticias.com.mx\/Portal\/2025\/04\/30\/asesinan-a-german-anuar-candidato-a-la-alcaldia-de-coxquihui-veracruz-en-el-primer-dia-de-campana\/","title":{"rendered":"Asesinan a Germ\u00e1n Anuar, candidato a la alcald\u00eda de Coxquihui, Veracruz en el primer d\u00eda de campa\u00f1a"},"content":{"rendered":"<p>El candidato del partido de Movimiento Regeneraci\u00f3n Nacional (Morena) a la Alcald\u00eda del municipio de Coxquihui, Veracruz,<mark><strong>\u00a0Germ\u00e1n Anuar Valencia, fue asesinado a tiros este martes, d\u00eda en que iniciaron las campa\u00f1as electorales para renovar sus 212 presidencias municipales.<\/strong><\/mark><\/p>\n<p>El ataque armado ocurri\u00f3 en la casa de campa\u00f1a del pol\u00edtico en Coxquihui, donde \u2013seg\u00fan testigos- varios hombres armados irrumpieron en la vivienda habilitada como oficina y dispararon.<\/p>\n<p>El candidato fue trasladado a un hospital de la zona,\u00a0<strong>donde horas m\u00e1s tarde falleci\u00f3 a consecuencia de las heridas de bala.<\/strong><\/p>\n<p>La dirigente del partido Morena\u00a0<mark><strong>Luisa Mar\u00eda Alcalde reprob\u00f3 el asesinato y asegur\u00f3 que autoridades locales investigan el hecho.<\/strong><\/mark><\/p>\n<p><strong>&#8220;Lamentamos y condenamos el asesinato de Germ\u00e1n Anuar Valencia, candidato a la Presidencia Municipal de Coxquihui, Veracruz. El Gobierno de Veracruz y la Fiscal\u00eda General del Estado ya se encuentran investigando este lamentable hecho&#8221;<\/strong>, expres\u00f3 en un mensaje en redes sociales.<\/p>\n<p>En tanto, el l\u00edder estatal de Morena, Esteban Ram\u00edrez, asegur\u00f3 que la v\u00edctima &#8220;no hab\u00eda externado temor alguno o recibido amenazas&#8221;.<\/p>\n<p>Previo al inicio de las campa\u00f1as<mark><strong>, al menos 20 candidatos hab\u00edan denunciado haber sido amenazados, por lo que solicitaron a autoridades protecci\u00f3n policial.<\/strong><\/mark><\/p>\n<p><strong>Para el actual proceso electoral de Veracruz, se registraron 12.142 candidatos a alcald\u00edas, sindicaturas y regidur\u00edas de seis partidos pol\u00edticos.<\/strong><\/p>\n<p>Durante la elecci\u00f3n del 1 de junio, se renovar\u00e1n las 212 alcald\u00edas, 212 sindicaturas y 630 regidur\u00edas.<br \/>\nHist\u00f3ricamente, en Veracruz existe un repunte de la violencia pol\u00edtica y delincuencial cada vez que se inicia un periodo electoral.<\/p>\n","protected":false},"excerpt":{"rendered":"<p>El candidato del partido de Movimiento Regeneraci\u00f3n Nacional (Morena) a la Alcald\u00eda del municipio de Coxquihui, Veracruz,\u00a0Germ\u00e1n Anuar Valencia, fue asesinado a tiros este martes, d\u00eda en que iniciaron las campa\u00f1as electorales para renovar sus 212 presidencias municipales. El ataque armado ocurri\u00f3 en la casa de campa\u00f1a del pol\u00edtico en Coxquihui, donde \u2013seg\u00fan testigos- varios [&hellip;]<\/p>\n","protected":false},"author":2,"featured_media":216706,"comment_status":"closed","ping_status":"closed","sticky":false,"template":"","format":"standard","meta":{"footnotes":""},"categories":[12870,172],"tags":[12865,12874],"class_list":["post-216705","post","type-post","status-publish","format-standard","has-post-thumbnail","hentry","category-destacadas","category-nacional","tag-destacadas","tag-nacional"],"jetpack_featured_media_url":"https:\/\/rnoticias.com.mx\/Portal\/wp-content\/uploads\/2025\/04\/candidato-asesinado-Coxquihui-German-Anuar-Valencia.jpg","amp_enabled":true,"_links":{"self":[{"href":"https:\/\/rnoticias.com.mx\/Portal\/wp-json\/wp\/v2\/posts\/216705","targetHints":{"allow":["GET"]}}],"collection":[{"href":"https:\/\/rnoticias.com.mx\/Portal\/wp-json\/wp\/v2\/posts"}],"about":[{"href":"https:\/\/rnoticias.com.mx\/Portal\/wp-json\/wp\/v2\/types\/post"}],"author":[{"embeddable":true,"href":"https:\/\/rnoticias.com.mx\/Portal\/wp-json\/wp\/v2\/users\/2"}],"replies":[{"embeddable":true,"href":"https:\/\/rnoticias.com.mx\/Portal\/wp-json\/wp\/v2\/comments?post=216705"}],"version-history":[{"count":1,"href":"https:\/\/rnoticias.com.mx\/Portal\/wp-json\/wp\/v2\/posts\/216705\/revisions"}],"predecessor-version":[{"id":216707,"href":"https:\/\/rnoticias.com.mx\/Portal\/wp-json\/wp\/v2\/posts\/216705\/revisions\/216707"}],"wp:featuredmedia":[{"embeddable":true,"href":"https:\/\/rnoticias.com.mx\/Portal\/wp-json\/wp\/v2\/media\/216706"}],"wp:attachment":[{"href":"https:\/\/rnoticias.com.mx\/Portal\/wp-json\/wp\/v2\/media?parent=216705"}],"wp:term":[{"taxonomy":"category","embeddable":true,"href":"https:\/\/rnoticias.com.mx\/Portal\/wp-json\/wp\/v2\/categories?post=216705"},{"taxonomy":"post_tag","embeddable":true,"href":"https:\/\/rnoticias.com.mx\/Portal\/wp-json\/wp\/v2\/tags?post=216705"}],"curies":[{"name":"wp","href":"https:\/\/api.w.org\/{rel}","templated":true}]}}