{"id":216617,"date":"2025-04-29T22:31:20","date_gmt":"2025-04-29T22:31:20","guid":{"rendered":"https:\/\/rnoticias.com.mx\/Portal\/?p=216617"},"modified":"2025-04-29T22:31:20","modified_gmt":"2025-04-29T22:31:20","slug":"guaymas-san-carlos-se-promociona-en-san-diego-durante-el-evento-ventana-a-mexico","status":"publish","type":"post","link":"https:\/\/rnoticias.com.mx\/Portal\/2025\/04\/29\/guaymas-san-carlos-se-promociona-en-san-diego-durante-el-evento-ventana-a-mexico\/","title":{"rendered":"Guaymas-San Carlos se promociona en San Diego durante el evento &#8220;Ventana a M\u00e9xico&#8221;"},"content":{"rendered":"<p>San Diego, California &#8211; a Abril del 2025<br \/>\nLa Oficina de Convenciones y Visitantes de Guaymas-San Carlos estar\u00e1 presente este s\u00e1bado 26 y domingo 27 de abril en el evento &#8220;Ventana a M\u00e9xico&#8221;, que se lleva a cabo en la ciudad de San Diego, California, como parte de una estrategia de promoci\u00f3n tur\u00edstica.<\/p>\n<p>Durante el evento, la oficina ofrecer\u00e1 informaci\u00f3n, materiales promocionales y atenci\u00f3n directa a los asistentes interesados en conocer m\u00e1s sobre los atractivos tur\u00edsticos del destino sonorense, que incluye hermosas playas, actividades de ecoturismo, gastronom\u00eda regional, entre muchas cosas m\u00e1s.<\/p>\n<p>El objetivo principal es posicionar a Guaymas-San Carlos como una opci\u00f3n destacada para los viajeros del sur de California y del mercado latino en Estados Unidos, quienes tradicionalmente han mostrado inter\u00e9s en destinos de sol y playa en el noroeste de<br \/>\nM\u00e9xico.<\/p>\n<p>&#8220;Ventana a M\u00e9xico&#8221; re\u00fane a representantes de diversos destinos tur\u00edsticos, artistas, emprendedores y promotores culturales, con el fin de fortalecer los lazos entre M\u00e9xico y la comunidad mexicana en el extranjero, al tiempo que se impulsa el turismo y la inversi\u00f3n en las regiones participantes.<\/p>\n<p>La participaci\u00f3n de la OCV Guaymas-San Carlos forma parte de los esfuerzos continuos por atraer visitantes nacionales e internacionales, y consolidarse como uno de los destinos tur\u00edsticos m\u00e1s importantes del Mar de Cort\u00e9s.<\/p>\n","protected":false},"excerpt":{"rendered":"<p>San Diego, California &#8211; a Abril del 2025 La Oficina de Convenciones y Visitantes de Guaymas-San Carlos estar\u00e1 presente este s\u00e1bado 26 y domingo 27 de abril en el evento &#8220;Ventana a M\u00e9xico&#8221;, que se lleva a cabo en la ciudad de San Diego, California, como parte de una estrategia de promoci\u00f3n tur\u00edstica. Durante el [&hellip;]<\/p>\n","protected":false},"author":2,"featured_media":216618,"comment_status":"closed","ping_status":"closed","sticky":false,"template":"","format":"standard","meta":{"footnotes":""},"categories":[12870,174],"tags":[12865,12873],"class_list":["post-216617","post","type-post","status-publish","format-standard","has-post-thumbnail","hentry","category-destacadas","category-estatal","tag-destacadas","tag-estatal"],"jetpack_featured_media_url":"https:\/\/rnoticias.com.mx\/Portal\/wp-content\/uploads\/2025\/04\/WhatsApp-Image-2025-8804-26-at-4.51.43-PM-scaled.jpeg","amp_enabled":true,"_links":{"self":[{"href":"https:\/\/rnoticias.com.mx\/Portal\/wp-json\/wp\/v2\/posts\/216617","targetHints":{"allow":["GET"]}}],"collection":[{"href":"https:\/\/rnoticias.com.mx\/Portal\/wp-json\/wp\/v2\/posts"}],"about":[{"href":"https:\/\/rnoticias.com.mx\/Portal\/wp-json\/wp\/v2\/types\/post"}],"author":[{"embeddable":true,"href":"https:\/\/rnoticias.com.mx\/Portal\/wp-json\/wp\/v2\/users\/2"}],"replies":[{"embeddable":true,"href":"https:\/\/rnoticias.com.mx\/Portal\/wp-json\/wp\/v2\/comments?post=216617"}],"version-history":[{"count":1,"href":"https:\/\/rnoticias.com.mx\/Portal\/wp-json\/wp\/v2\/posts\/216617\/revisions"}],"predecessor-version":[{"id":216619,"href":"https:\/\/rnoticias.com.mx\/Portal\/wp-json\/wp\/v2\/posts\/216617\/revisions\/216619"}],"wp:featuredmedia":[{"embeddable":true,"href":"https:\/\/rnoticias.com.mx\/Portal\/wp-json\/wp\/v2\/media\/216618"}],"wp:attachment":[{"href":"https:\/\/rnoticias.com.mx\/Portal\/wp-json\/wp\/v2\/media?parent=216617"}],"wp:term":[{"taxonomy":"category","embeddable":true,"href":"https:\/\/rnoticias.com.mx\/Portal\/wp-json\/wp\/v2\/categories?post=216617"},{"taxonomy":"post_tag","embeddable":true,"href":"https:\/\/rnoticias.com.mx\/Portal\/wp-json\/wp\/v2\/tags?post=216617"}],"curies":[{"name":"wp","href":"https:\/\/api.w.org\/{rel}","templated":true}]}}