{"id":216605,"date":"2025-04-29T21:58:33","date_gmt":"2025-04-29T21:58:33","guid":{"rendered":"https:\/\/rnoticias.com.mx\/Portal\/?p=216605"},"modified":"2025-04-29T21:58:33","modified_gmt":"2025-04-29T21:58:33","slug":"reconocen-tono-astiazaran-y-patty-ruibal-a-mujeres-valiosas-que-cambian-su-entorno","status":"publish","type":"post","link":"https:\/\/rnoticias.com.mx\/Portal\/2025\/04\/29\/reconocen-tono-astiazaran-y-patty-ruibal-a-mujeres-valiosas-que-cambian-su-entorno\/","title":{"rendered":"Reconocen To\u00f1o Astiazar\u00e1n y Patty Ruibal a \u201cMujeres Valiosas que Cambian su Entorno\u201d"},"content":{"rendered":"<p><b data-olk-copy-source=\"MessageBody\">Hermosillo, Sonora; 29 de abril, 2025.-\u00a0<\/b>Mujeres cuya labor ayuda a la construcci\u00f3n de un mundo m\u00e1s justo, humano y lleno de amor recibieron por parte de Antonio Astiazar\u00e1n Guti\u00e9rrez y su esposa Patricia Ruibal Zaragoza \u00a0un reconocimiento a trav\u00e9s de la ceremonia \u201cMujeres Valiosas que Cambian Su Entorno\u201d.<\/p>\n<p>El presidente municipal y presidenta de DIF Hermosillo encabezaron un emotivo encuentro en el que entregaron el galard\u00f3n \u201cMujer Valiosa\u201d a ciudadanas ejemplares que han sido pilar de una sociedad que se caracteriza por avanzar ante cualquier obst\u00e1culo.<\/p>\n<p>La iniciativa, propuesta por la regidora Karla Salcido Burruel, busca visibilizar el trabajo incansable de mujeres que desde distintos frentes demostrando compromiso, empat\u00eda y fortaleza, convirti\u00e9ndose en fuente de inspiraci\u00f3n para toda la comunidad.<\/p>\n<p>\u201cEsta es la primera ocasi\u00f3n en la que como Gobierno Municipal decidimos reconocer a estas mujeres que no son solo ejemplo sino inspiraci\u00f3n para muchas otras mujeres que est\u00e1n all\u00e1 afuera y que est\u00e1n tambi\u00e9n trabajando\u201d, expres\u00f3 To\u00f1o Astiazar\u00e1n.<\/p>\n<p>Desde apoyo a ni\u00f1os con c\u00e1ncer, atenci\u00f3n a migrantes, personas en situaci\u00f3n de calle, inclusi\u00f3n a personas con discapacidad, madres que buscan a personas desaparecidas y capacitaci\u00f3n a la mujer en estado de vulnerabilidad, son algunas de las labores que las ejemplares ciudadanas realizan al frente de instituciones u organizaciones.<\/p>\n<p>Patricia Ruibal, acompa\u00f1ada por Madeleine Bonnafoux, directora de DIF Hermosillo agradeci\u00f3 a la regidora Carla Salcido por esta iniciativa y manifest\u00f3 su profunda emoci\u00f3n al ver a decenas de personas congregadas en un evento en el que se visibiliza el esfuerzo de mujeres a favor de la comunidad.<\/p>\n<p>\u201cQuiero agradecer y reconocer tambi\u00e9n a Carla Salcido, gracias esta iniciativa fue de ella, ella tuvo esta propuesta que nos llen\u00f3 de alegr\u00eda a To\u00f1o y a m\u00ed y con mucho gusto la apoyamos y nos dimos a la tarea de buscar esas mujeres tan valiosas que desde los diferentes \u00e1mbitos llenan a Hermosillo de orgullo\u201d, mencion\u00f3.<\/p>\n<p>El Gobierno Municipal refrenda el compromiso con fortalecer la labor que las organizaciones de la sociedad realizan y visibilizar a mujeres que a trav\u00e9s del ejemplo inspiran a futuras generaciones a transformar su comunidad en un mejor entorno para vivir.<\/p>\n<p>Encabezaron la ceremonia Antonio Astiazar\u00e1n, presidente municipal; Patricia Ruibal, presidenta de DIF Hermosillo, Madeleine Bonnafoux, directora de DIF Hermosillo; Carla Salcido, regidora del Ayuntamiento de Hermosillo y Lizette Salazar, directora de la Familia en DIF Hermosillo.<\/p>\n<p>Obtuvieron el galard\u00f3n Mujer Valiosa las ciudadanas:<\/p>\n<p>&#8211; Martha Aguayo de Uruchurto, del Albergue Luz Valencia<br \/>\n&#8211; Anna Baranzini Hurtado, del Patronato Costa de Hermosillo<br \/>\n&#8211; Carolina Burgos Navarro, de Baby Gym<br \/>\n&#8211; Mar\u00eda Armida Burruel de Navarro, del Instituto Iris. Ciegos y D\u00e9biles Visuales<br \/>\n&#8211; Cecilia Clerici de Encinas, de la Asociaci\u00f3n para la Superaci\u00f3n Integral de la Familia<br \/>\n&#8211; Lolita Ch\u00e1vez de Platt, de AMSIF<br \/>\n&#8211; Karla Durazo, de Fundaci\u00f3n DA Psicointegral<br \/>\n&#8211; Piky Escalante Mor\u00faa, de Padres del Cielo<br \/>\n&#8211; Mayra Fern\u00e1ndez Mend\u00edvil, de Casa amiga\/Manos amigas<br \/>\n&#8211; Claudia Figueroa, de Padres del Cielo<br \/>\n&#8211; Cecilia Flores, de Madres Buscadoras<br \/>\n&#8211; Blanca Gallardo, de asociaci\u00f3n para atender Adicciones<br \/>\n&#8211; Luisa Alejandra G\u00e1ndara Fern\u00e1ndez, de Fundaci\u00f3n Ganfer<br \/>\n&#8211; Patricia Huerta de Trasvi\u00f1a, del Patronato Instituto Kino<br \/>\n&#8211; Adriana Ibarra, del Instituto Iris<br \/>\n&#8211; Aida Isibasi de Hodgers, de la Fundaci\u00f3n George Papanicolau<br \/>\n&#8211; Doris Lechuga de Ch\u00e1vez, de la Casa Guadalupe Libre<br \/>\n&#8211; Irasema Le\u00f3n Mill\u00e1n, de Comedor Las Golondrinas<br \/>\n&#8211; Gabriela Luna Aguayo, de CUCAS, Acompa\u00f1amiento a mujeres con C\u00e1ncer<br \/>\n&#8211; Beatriz Mirazo Garc\u00eda, de M\u00e9xico Unido<br \/>\n&#8211; Martha Silvia Molina Trevi\u00f1o, del Comedor Migrantes<br \/>\n&#8211; Patricia Noriega de Ceballos, del Programa Vale la Pena Esperar<br \/>\n&#8211; Carolina Ontiveros Robles, de FIA. Formaci\u00f3n Integral de Adolescentes<br \/>\n&#8211; Carmen Hayd\u00e9e Palacios Abechuco, de Escuela de Ganader\u00eda para mujeres<br \/>\n&#8211; Alma Rosa Peralta Contreras, del Movimiento RAS<br \/>\n&#8211; Lucila de la Rosa Ibarra de Castelo, de AMSIF<br \/>\n&#8211; Fernanda Salazar de Maz\u00f3n, de George Papanicolau<br \/>\n&#8211; Aracely Salazar, de Unidos por la ni\u00f1ez de Sonora<br \/>\n&#8211; Claudia T\u00e9llez, del Movimiento RAS<br \/>\n&#8211; Marcia Tonella de G\u00f3mez del Campo, de Casa San Vicente<br \/>\n&#8211; Mar\u00eda del Carmen Valdez Nava, del Comedor de Inmigrantes y Personas en Situaci\u00f3n de Calle<br \/>\n. Tere Villanueva, de Fundaci\u00f3n Piel Con Vida<\/p>\n<div><\/div>\n","protected":false},"excerpt":{"rendered":"<p>Hermosillo, Sonora; 29 de abril, 2025.-\u00a0Mujeres cuya labor ayuda a la construcci\u00f3n de un mundo m\u00e1s justo, humano y lleno de amor recibieron por parte de Antonio Astiazar\u00e1n Guti\u00e9rrez y su esposa Patricia Ruibal Zaragoza \u00a0un reconocimiento a trav\u00e9s de la ceremonia \u201cMujeres Valiosas que Cambian Su Entorno\u201d. El presidente municipal y presidenta de DIF [&hellip;]<\/p>\n","protected":false},"author":2,"featured_media":216606,"comment_status":"closed","ping_status":"closed","sticky":false,"template":"","format":"standard","meta":{"footnotes":""},"categories":[12870,178],"tags":[12865,12869],"class_list":["post-216605","post","type-post","status-publish","format-standard","has-post-thumbnail","hentry","category-destacadas","category-local","tag-destacadas","tag-local"],"jetpack_featured_media_url":"https:\/\/rnoticias.com.mx\/Portal\/wp-content\/uploads\/2025\/04\/971.jpg","amp_enabled":true,"_links":{"self":[{"href":"https:\/\/rnoticias.com.mx\/Portal\/wp-json\/wp\/v2\/posts\/216605","targetHints":{"allow":["GET"]}}],"collection":[{"href":"https:\/\/rnoticias.com.mx\/Portal\/wp-json\/wp\/v2\/posts"}],"about":[{"href":"https:\/\/rnoticias.com.mx\/Portal\/wp-json\/wp\/v2\/types\/post"}],"author":[{"embeddable":true,"href":"https:\/\/rnoticias.com.mx\/Portal\/wp-json\/wp\/v2\/users\/2"}],"replies":[{"embeddable":true,"href":"https:\/\/rnoticias.com.mx\/Portal\/wp-json\/wp\/v2\/comments?post=216605"}],"version-history":[{"count":1,"href":"https:\/\/rnoticias.com.mx\/Portal\/wp-json\/wp\/v2\/posts\/216605\/revisions"}],"predecessor-version":[{"id":216607,"href":"https:\/\/rnoticias.com.mx\/Portal\/wp-json\/wp\/v2\/posts\/216605\/revisions\/216607"}],"wp:featuredmedia":[{"embeddable":true,"href":"https:\/\/rnoticias.com.mx\/Portal\/wp-json\/wp\/v2\/media\/216606"}],"wp:attachment":[{"href":"https:\/\/rnoticias.com.mx\/Portal\/wp-json\/wp\/v2\/media?parent=216605"}],"wp:term":[{"taxonomy":"category","embeddable":true,"href":"https:\/\/rnoticias.com.mx\/Portal\/wp-json\/wp\/v2\/categories?post=216605"},{"taxonomy":"post_tag","embeddable":true,"href":"https:\/\/rnoticias.com.mx\/Portal\/wp-json\/wp\/v2\/tags?post=216605"}],"curies":[{"name":"wp","href":"https:\/\/api.w.org\/{rel}","templated":true}]}}