{"id":216602,"date":"2025-04-29T21:56:56","date_gmt":"2025-04-29T21:56:56","guid":{"rendered":"https:\/\/rnoticias.com.mx\/Portal\/?p=216602"},"modified":"2025-04-29T21:56:56","modified_gmt":"2025-04-29T21:56:56","slug":"formara-gobierno-de-sonora-a-120-cadetes-como-policias-de-proximidad-usp","status":"publish","type":"post","link":"https:\/\/rnoticias.com.mx\/Portal\/2025\/04\/29\/formara-gobierno-de-sonora-a-120-cadetes-como-policias-de-proximidad-usp\/","title":{"rendered":"Formar\u00e1 Gobierno de Sonora a 120 cadetes como Polic\u00edas de Proximidad: USP"},"content":{"rendered":"<p>Hermosillo, Sonora; 29 de abril de 2025.- Un total de 120 cadetes con vocaci\u00f3n de servicio a Sonora empezaron esta semana su formaci\u00f3n inicial como Polic\u00edas de Proximidad en la Universidad de la Seguridad P\u00fablica (USP), inform\u00f3 Ellioth Romero Grijalva, rector de la USP.<\/p>\n<p>Romero Grijalva, en representaci\u00f3n de V\u00edctor Hugo Enr\u00edquez Garc\u00eda, secretario de Seguridad P\u00fablica, recibi\u00f3 a la generaci\u00f3n \u201cBravo\u201d, conformada por 60 mujeres y 60 hombres comprometidos a trabajar en la construcci\u00f3n de la paz y en el fortalecimiento de la seguridad en Sonora.<\/p>\n<p>Como parte de la actual administraci\u00f3n que encabeza el gobernador Alfonso Durazo, la Universidad de la Seguridad P\u00fablica ha egresado a mil 307 cadetes.<\/p>\n<p>Durante seis meses, las y los j\u00f3venes de reciente ingreso recibir\u00e1n entrenamiento en \u00e1reas estrat\u00e9gicas e inteligencia policial, prevenci\u00f3n de violencia familiar y de g\u00e9nero, proximidad ciudadana y derechos humanos.<\/p>\n<p>Actualmente, la Universidad de la Seguridad P\u00fablica trabaja en la formaci\u00f3n simult\u00e1nea de cadetes de las generaciones \u201c\u00c1guila\u201d y \u201cBravo\u201d, quienes asumieron el compromiso de enfrentar este reto con vocaci\u00f3n, disciplina y honor.<\/p>\n<p>Como meta para este a\u00f1o, la USP tiene previsto egresar a m\u00e1s de mil 500 cadetes que se incorporar\u00e1n al estado de fuerza de la Polic\u00eda Estatal y de corporaciones de seguridad municipal.<\/p>\n","protected":false},"excerpt":{"rendered":"<p>Hermosillo, Sonora; 29 de abril de 2025.- Un total de 120 cadetes con vocaci\u00f3n de servicio a Sonora empezaron esta semana su formaci\u00f3n inicial como Polic\u00edas de Proximidad en la Universidad de la Seguridad P\u00fablica (USP), inform\u00f3 Ellioth Romero Grijalva, rector de la USP. Romero Grijalva, en representaci\u00f3n de V\u00edctor Hugo Enr\u00edquez Garc\u00eda, secretario de [&hellip;]<\/p>\n","protected":false},"author":2,"featured_media":216603,"comment_status":"closed","ping_status":"closed","sticky":false,"template":"","format":"standard","meta":{"footnotes":""},"categories":[12870,178],"tags":[12865,12869],"class_list":["post-216602","post","type-post","status-publish","format-standard","has-post-thumbnail","hentry","category-destacadas","category-local","tag-destacadas","tag-local"],"jetpack_featured_media_url":"https:\/\/rnoticias.com.mx\/Portal\/wp-content\/uploads\/2025\/04\/unnamed-127.jpg","amp_enabled":true,"_links":{"self":[{"href":"https:\/\/rnoticias.com.mx\/Portal\/wp-json\/wp\/v2\/posts\/216602","targetHints":{"allow":["GET"]}}],"collection":[{"href":"https:\/\/rnoticias.com.mx\/Portal\/wp-json\/wp\/v2\/posts"}],"about":[{"href":"https:\/\/rnoticias.com.mx\/Portal\/wp-json\/wp\/v2\/types\/post"}],"author":[{"embeddable":true,"href":"https:\/\/rnoticias.com.mx\/Portal\/wp-json\/wp\/v2\/users\/2"}],"replies":[{"embeddable":true,"href":"https:\/\/rnoticias.com.mx\/Portal\/wp-json\/wp\/v2\/comments?post=216602"}],"version-history":[{"count":1,"href":"https:\/\/rnoticias.com.mx\/Portal\/wp-json\/wp\/v2\/posts\/216602\/revisions"}],"predecessor-version":[{"id":216604,"href":"https:\/\/rnoticias.com.mx\/Portal\/wp-json\/wp\/v2\/posts\/216602\/revisions\/216604"}],"wp:featuredmedia":[{"embeddable":true,"href":"https:\/\/rnoticias.com.mx\/Portal\/wp-json\/wp\/v2\/media\/216603"}],"wp:attachment":[{"href":"https:\/\/rnoticias.com.mx\/Portal\/wp-json\/wp\/v2\/media?parent=216602"}],"wp:term":[{"taxonomy":"category","embeddable":true,"href":"https:\/\/rnoticias.com.mx\/Portal\/wp-json\/wp\/v2\/categories?post=216602"},{"taxonomy":"post_tag","embeddable":true,"href":"https:\/\/rnoticias.com.mx\/Portal\/wp-json\/wp\/v2\/tags?post=216602"}],"curies":[{"name":"wp","href":"https:\/\/api.w.org\/{rel}","templated":true}]}}