{"id":216586,"date":"2025-04-29T19:16:11","date_gmt":"2025-04-29T19:16:11","guid":{"rendered":"https:\/\/rnoticias.com.mx\/Portal\/?p=216586"},"modified":"2025-04-29T19:16:11","modified_gmt":"2025-04-29T19:16:11","slug":"inauguran-en-campus-navojoa-una-sala-de-interaccion-tecnologica","status":"publish","type":"post","link":"https:\/\/rnoticias.com.mx\/Portal\/2025\/04\/29\/inauguran-en-campus-navojoa-una-sala-de-interaccion-tecnologica\/","title":{"rendered":"Inauguran en campus Navojoa una Sala de Interacci\u00f3n Tecnol\u00f3gica"},"content":{"rendered":"<p>Con 38 equipos de c\u00f3mputo y mobiliario nuevos, y con el prop\u00f3sito de brindar a estudiantes y acad\u00e9micos un espacio de aprendizaje e investigaci\u00f3n apoyado por herramientas digitales de \u00faltima generaci\u00f3n, el Departamento de Ciencias Sociales del campus Navojoa habilit\u00f3 una Sala de Interacci\u00f3n Tecnol\u00f3gica.<\/p>\n<p>El arranque y corte de list\u00f3n estuvo a cargo de la rectora Mar\u00eda Rita Plancarte Mart\u00ednez, quien destac\u00f3 que cada renovaci\u00f3n en la infraestructura tiene como objetivo primordial reforzar la formaci\u00f3n y educaci\u00f3n de los j\u00f3venes, adem\u00e1s de apoyar la labor de los profesores.<\/p>\n<p>\u201cEs sencillo, pero significativo; cada vez que hacemos algo por la Universidad, hacemos algo por los j\u00f3venes, por su formaci\u00f3n y su educaci\u00f3n. Las y los profesores de aqu\u00ed del campus saben muy bien que reconozco el trabajo que realizan como formadores, y estos apoyos de car\u00e1cter de infraestructura vienen a apoyar propiamente el trabajo que ustedes hacen y est\u00e1n destinados a nuestros estudiantes, que son la raz\u00f3n de ser.<\/p>\n<p>\u201cJ\u00f3venes: exijan m\u00e1s, exijan ser los mejores, pero ustedes tambi\u00e9n p\u00f3nganle muchas ganas para que nos puedan decir lo que falta, tienen que ponerse bien las pilas porque lo que queremos es formarlos en la mejor universidad, en las mejores condiciones, en carreras pertinentes y en las que tengan ustedes el orgullo de ser egresados de la Universidad\u201d, acentu\u00f3.<\/p>\n<p>Plancarte Mart\u00ednez subray\u00f3 a los estudiantes que la Universidad de Sonora los apoyar\u00e1 siempre en lo que requieran y los exhort\u00f3 a aprovechar las herramientas que les brinda la instituci\u00f3n, pero sobre todo a disfrutar de su etapa como universitarios.<\/p>\n<p>&nbsp;<\/p>\n<p><strong>Con herramientas digitales de vanguardia<\/strong><\/p>\n<p>Por su parte, la jefa del Departamento de Ciencias Sociales, Mar\u00eda Teresa Gaxiola S\u00e1nchez, explic\u00f3 que la nueva Sala de Interacci\u00f3n Tecnol\u00f3gica naci\u00f3 con la idea de ser un espacio donde el aprendizaje sea activo y colaborativo, apoyado por herramientas digitales de vanguardia.<\/p>\n<p>\u201cSu prop\u00f3sito primordial es ayudar al estudiantado a fortalecer sus habilidades tecnol\u00f3gicas mediante computadoras con software especializado, y sistemas de videoconferencia que facilitan la investigaci\u00f3n y el an\u00e1lisis de fen\u00f3menos sociales; esta sala permitir\u00e1 que el Departamento de Ciencias Sociales, junto con las distintas ciencias que se desarrollan en el campus Navojoa, unan esfuerzos en proyectos conjuntos.<\/p>\n<p>\u201cImpulsando el dise\u00f1o de prototipos, simulaciones y estudios que respondan a las necesidades de la regi\u00f3n y del pa\u00eds; adem\u00e1s, se convertir\u00e1 en un punto de encuentro con empresas y organizaciones externas, al ofrecer un lugar adecuado para talleres, asesor\u00edas y colaboraciones que acerquen a\u00fan m\u00e1s la Universidad a la comunidad\u201d, describi\u00f3.<\/p>\n<p>Gaxiola S\u00e1nchez resalt\u00f3 que la infraestructura flexible y ergon\u00f3mica favorecer\u00e1 metodolog\u00edas innovadoras de ense\u00f1anza, como la clase invertida y el aprendizaje basado en proyectos; mientras que el mobiliario y los dispositivos adaptables, garantizar\u00e1n la accesibilidad y la participaci\u00f3n plena de todas y todos los usuarios.<\/p>\n<p>\u201cCon estas caracter\u00edsticas, la Sala de Interacci\u00f3n Tecnol\u00f3gica, ubicada en la planta baja del Edificio 1D, se consolida como un pilar fundamental para el crecimiento acad\u00e9mico del alumnado, el fortalecimiento de la investigaci\u00f3n y la proyecci\u00f3n social del campus Navojoa\u201d, concluy\u00f3.<\/p>\n<p>En la apertura tambi\u00e9n estuvieron presentes el director Administrativo del campus, Jes\u00fas Alfredo Rosas Rodr\u00edguez; la encargada del Departamento de Ciencias Econ\u00f3mico Administrativas, Leticia Mar\u00eda Gonz\u00e1lez Vel\u00e1squez, as\u00ed como representantes de la comunidad estudiantil y personal acad\u00e9mico.<\/p>\n<p>&nbsp;<\/p>\n","protected":false},"excerpt":{"rendered":"<p>Con 38 equipos de c\u00f3mputo y mobiliario nuevos, y con el prop\u00f3sito de brindar a estudiantes y acad\u00e9micos un espacio de aprendizaje e investigaci\u00f3n apoyado por herramientas digitales de \u00faltima generaci\u00f3n, el Departamento de Ciencias Sociales del campus Navojoa habilit\u00f3 una Sala de Interacci\u00f3n Tecnol\u00f3gica. El arranque y corte de list\u00f3n estuvo a cargo de [&hellip;]<\/p>\n","protected":false},"author":2,"featured_media":216587,"comment_status":"closed","ping_status":"closed","sticky":false,"template":"","format":"standard","meta":{"footnotes":""},"categories":[12870,178],"tags":[12865,12869],"class_list":["post-216586","post","type-post","status-publish","format-standard","has-post-thumbnail","hentry","category-destacadas","category-local","tag-destacadas","tag-local"],"jetpack_featured_media_url":"https:\/\/rnoticias.com.mx\/Portal\/wp-content\/uploads\/2025\/04\/INAUGURAN-SALA-INTERACTIVA-EN-NAVOJOA-1.jpg","amp_enabled":true,"_links":{"self":[{"href":"https:\/\/rnoticias.com.mx\/Portal\/wp-json\/wp\/v2\/posts\/216586","targetHints":{"allow":["GET"]}}],"collection":[{"href":"https:\/\/rnoticias.com.mx\/Portal\/wp-json\/wp\/v2\/posts"}],"about":[{"href":"https:\/\/rnoticias.com.mx\/Portal\/wp-json\/wp\/v2\/types\/post"}],"author":[{"embeddable":true,"href":"https:\/\/rnoticias.com.mx\/Portal\/wp-json\/wp\/v2\/users\/2"}],"replies":[{"embeddable":true,"href":"https:\/\/rnoticias.com.mx\/Portal\/wp-json\/wp\/v2\/comments?post=216586"}],"version-history":[{"count":1,"href":"https:\/\/rnoticias.com.mx\/Portal\/wp-json\/wp\/v2\/posts\/216586\/revisions"}],"predecessor-version":[{"id":216588,"href":"https:\/\/rnoticias.com.mx\/Portal\/wp-json\/wp\/v2\/posts\/216586\/revisions\/216588"}],"wp:featuredmedia":[{"embeddable":true,"href":"https:\/\/rnoticias.com.mx\/Portal\/wp-json\/wp\/v2\/media\/216587"}],"wp:attachment":[{"href":"https:\/\/rnoticias.com.mx\/Portal\/wp-json\/wp\/v2\/media?parent=216586"}],"wp:term":[{"taxonomy":"category","embeddable":true,"href":"https:\/\/rnoticias.com.mx\/Portal\/wp-json\/wp\/v2\/categories?post=216586"},{"taxonomy":"post_tag","embeddable":true,"href":"https:\/\/rnoticias.com.mx\/Portal\/wp-json\/wp\/v2\/tags?post=216586"}],"curies":[{"name":"wp","href":"https:\/\/api.w.org\/{rel}","templated":true}]}}