{"id":216568,"date":"2025-04-29T15:54:44","date_gmt":"2025-04-29T15:54:44","guid":{"rendered":"https:\/\/rnoticias.com.mx\/Portal\/?p=216568"},"modified":"2025-04-29T15:54:44","modified_gmt":"2025-04-29T15:54:44","slug":"ine-detecta-focos-rojos-para-la-eleccion-judicial","status":"publish","type":"post","link":"https:\/\/rnoticias.com.mx\/Portal\/2025\/04\/29\/ine-detecta-focos-rojos-para-la-eleccion-judicial\/","title":{"rendered":"INE detecta focos rojos para la elecci\u00f3n judicial"},"content":{"rendered":"<p>La consejera presidenta del Instituto Nacional Electoral (INE), Guadalupe Taddei, se\u00f1al\u00f3 que tienen detectados los focos rojos para la elecci\u00f3n judicial como\u00a0<mark><strong>distintas problem\u00e1ticas sociales, \u00e9tnicas o ejidales, pero aclar\u00f3 que la revisi\u00f3n de zonas referentes a inseguridad y de crimen organizado se trata en las mesas de seguridad con las autoridades.<\/strong><\/mark><\/p>\n<p><strong>&#8220;El Instituto s\u00ed tiene identificadas sus zonas de riesgo, de peligro en donde se les dificulta por cuestiones geogr\u00e1ficas, pol\u00edtico-sociales, de vandalismo, ejidal, \u00e9tnico<\/strong>, tiene su mapa bien definida cada una de las entidades. Pero focos rojos por inseguridad, esos son los temas que tratan en las mesas de seguridad donde est\u00e1n presentes delegados, el equipo estatal de seguridad y el instituto electoral local&#8221;, dijo.<\/p>\n<p><mark><strong>Subray\u00f3 que no le compete al INE revisar las zonas de riesgo por inseguridad de este tipo,<\/strong><\/mark>\u00a0sino ver la posibilidad de que se puedan instalar las m\u00e1s de 84 mil casillas.<\/p>\n<p>Puntualiz\u00f3 que a\u00fan no tienen la cifra de cu\u00e1ntas casillas<mark><strong>\u00a0no ser\u00e1 posible instalar debido a dichas problem\u00e1ticas en distintos puntos del pa\u00eds.<\/strong><\/mark><\/p>\n<p>Por otra parte, la consejera presidenta dijo que al cierre de la jornada electoral,<strong>\u00a0alrededor de las 11:40 de la noche del 1 de junio, dar\u00e1 un corte sobre el porcentaje de votos contabilizados.<\/strong><\/p>\n<p><strong>&#8220;S\u00ed saldremos a decir el corte, porque estamos hablando de c\u00f3mputo total, no es PREP, no es conteo r\u00e1pido, no es una tendencia,\u00a0<\/strong>es el c\u00f3mputo total de la elecci\u00f3n el que inicia inmediatamente despu\u00e9s de cerrada la casilla. Es lo que normalmente inici\u00e1bamos el mi\u00e9rcoles, hoy lo vamos a iniciar el mismo d\u00eda&#8221;, explic\u00f3.<\/p>\n<p><strong>&#8220;Esperamos salir con un buen avance a esas horas de la noche, pero s\u00ed tendremos que informar en qu\u00e9 momento del c\u00f3mputo nos encontramos&#8221;,\u00a0<\/strong>apunt\u00f3.<\/p>\n","protected":false},"excerpt":{"rendered":"<p>La consejera presidenta del Instituto Nacional Electoral (INE), Guadalupe Taddei, se\u00f1al\u00f3 que tienen detectados los focos rojos para la elecci\u00f3n judicial como\u00a0distintas problem\u00e1ticas sociales, \u00e9tnicas o ejidales, pero aclar\u00f3 que la revisi\u00f3n de zonas referentes a inseguridad y de crimen organizado se trata en las mesas de seguridad con las autoridades. &#8220;El Instituto s\u00ed tiene [&hellip;]<\/p>\n","protected":false},"author":2,"featured_media":216569,"comment_status":"closed","ping_status":"closed","sticky":false,"template":"","format":"standard","meta":{"footnotes":""},"categories":[12870,172],"tags":[12865,12874],"class_list":["post-216568","post","type-post","status-publish","format-standard","has-post-thumbnail","hentry","category-destacadas","category-nacional","tag-destacadas","tag-nacional"],"jetpack_featured_media_url":"https:\/\/rnoticias.com.mx\/Portal\/wp-content\/uploads\/2025\/04\/1014435_INE-sesion-elecciones-Poder-Judicial-2_web.jpg","amp_enabled":true,"_links":{"self":[{"href":"https:\/\/rnoticias.com.mx\/Portal\/wp-json\/wp\/v2\/posts\/216568","targetHints":{"allow":["GET"]}}],"collection":[{"href":"https:\/\/rnoticias.com.mx\/Portal\/wp-json\/wp\/v2\/posts"}],"about":[{"href":"https:\/\/rnoticias.com.mx\/Portal\/wp-json\/wp\/v2\/types\/post"}],"author":[{"embeddable":true,"href":"https:\/\/rnoticias.com.mx\/Portal\/wp-json\/wp\/v2\/users\/2"}],"replies":[{"embeddable":true,"href":"https:\/\/rnoticias.com.mx\/Portal\/wp-json\/wp\/v2\/comments?post=216568"}],"version-history":[{"count":1,"href":"https:\/\/rnoticias.com.mx\/Portal\/wp-json\/wp\/v2\/posts\/216568\/revisions"}],"predecessor-version":[{"id":216570,"href":"https:\/\/rnoticias.com.mx\/Portal\/wp-json\/wp\/v2\/posts\/216568\/revisions\/216570"}],"wp:featuredmedia":[{"embeddable":true,"href":"https:\/\/rnoticias.com.mx\/Portal\/wp-json\/wp\/v2\/media\/216569"}],"wp:attachment":[{"href":"https:\/\/rnoticias.com.mx\/Portal\/wp-json\/wp\/v2\/media?parent=216568"}],"wp:term":[{"taxonomy":"category","embeddable":true,"href":"https:\/\/rnoticias.com.mx\/Portal\/wp-json\/wp\/v2\/categories?post=216568"},{"taxonomy":"post_tag","embeddable":true,"href":"https:\/\/rnoticias.com.mx\/Portal\/wp-json\/wp\/v2\/tags?post=216568"}],"curies":[{"name":"wp","href":"https:\/\/api.w.org\/{rel}","templated":true}]}}