{"id":216486,"date":"2025-04-29T02:25:50","date_gmt":"2025-04-29T02:25:50","guid":{"rendered":"https:\/\/rnoticias.com.mx\/Portal\/?p=216486"},"modified":"2025-04-29T02:25:50","modified_gmt":"2025-04-29T02:25:50","slug":"participan-estudiantes-de-la-ues-en-proyecto-entre-mexico-y-colombia-conectando-fronteras","status":"publish","type":"post","link":"https:\/\/rnoticias.com.mx\/Portal\/2025\/04\/29\/participan-estudiantes-de-la-ues-en-proyecto-entre-mexico-y-colombia-conectando-fronteras\/","title":{"rendered":"Participan estudiantes de la UES en proyecto entre M\u00e9xico y Colombia \u201cConectando Fronteras\u201d"},"content":{"rendered":"<table class=\"m_-4974873906023018957shell_panel-row\" border=\"0\" width=\"100%\" cellspacing=\"0\" cellpadding=\"0\" bgcolor=\"#EEEEEE\">\n<tbody>\n<tr>\n<td align=\"center\" valign=\"top\" bgcolor=\"#FFFFFF\">\n<table class=\"m_-4974873906023018957scale\" border=\"0\" cellspacing=\"0\" cellpadding=\"0\" align=\"center\">\n<tbody>\n<tr>\n<td align=\"center\" valign=\"top\">\n<table border=\"0\" width=\"100%\" cellspacing=\"0\" cellpadding=\"0\" align=\"center\">\n<tbody>\n<tr>\n<td align=\"center\" valign=\"top\" bgcolor=\"transparent\">\n<table class=\"m_-4974873906023018957layout\" border=\"0\" width=\"100%\" cellspacing=\"0\" cellpadding=\"0\">\n<tbody>\n<tr>\n<td class=\"m_-4974873906023018957column m_-4974873906023018957scale m_-4974873906023018957stack\" align=\"center\" valign=\"top\">\n<table class=\"m_-4974873906023018957image m_-4974873906023018957image--mobile-scale m_-4974873906023018957image--mobile-center\" border=\"0\" width=\"100%\" cellspacing=\"0\" cellpadding=\"0\">\n<tbody>\n<tr>\n<td class=\"m_-4974873906023018957image_container m_-4974873906023018957content-padding-horizontal\" align=\"center\" valign=\"top\">\n<table class=\"m_-4974873906023018957text\" border=\"0\" cellspacing=\"0\" cellpadding=\"0\">\n<tbody>\n<tr>\n<td class=\"m_-4974873906023018957text_content-cell\" align=\"center\"><img decoding=\"async\" class=\"CToWUd\" src=\"https:\/\/ci3.googleusercontent.com\/meips\/ADKq_NbzZQLu5DavJmg7yi10svtztB2rlLju29vvjRTQOmVqHcBfoJbVRaZ-zLMf5qKabQDY8Tbzy-sUFRwAAa8py4dRC2KkQE12Pln0_u2yvi2JFcbrQOECmy3QsxF1YWYolXagd7-mi7wUSPGPvgiwCpHr-P7L1A=s0-d-e1-ft#https:\/\/files.constantcontact.com\/5b47c499001\/5b004f22-4dd9-4699-b5fa-5b98034df335.jpg?rdr=true\" alt=\"\" width=\"300\" data-bit=\"iit\" \/><\/td>\n<\/tr>\n<\/tbody>\n<\/table>\n<\/td>\n<\/tr>\n<\/tbody>\n<\/table>\n<\/td>\n<\/tr>\n<\/tbody>\n<\/table>\n<table class=\"m_-4974873906023018957layout\" border=\"0\" width=\"100%\" cellspacing=\"0\" cellpadding=\"0\">\n<tbody>\n<tr>\n<td class=\"m_-4974873906023018957column m_-4974873906023018957scale m_-4974873906023018957stack\" align=\"center\" valign=\"top\">\n<table class=\"m_-4974873906023018957text\" border=\"0\" width=\"100%\" cellspacing=\"0\" cellpadding=\"0\">\n<tbody>\n<tr>\n<td class=\"m_-4974873906023018957text_content-cell m_-4974873906023018957content-padding-horizontal\" align=\"left\" valign=\"top\">Para m\u00e1s informaci\u00f3n visite\u00a0<a href=\"http:\/\/www.sonora.gob.mx\/\" target=\"_blank\" rel=\"noopener\" data-saferedirecturl=\"https:\/\/www.google.com\/url?q=http:\/\/www.sonora.gob.mx&amp;source=gmail&amp;ust=1745964234018000&amp;usg=AOvVaw3ECXi0QBqOxHlGyOdFlyio\">www.sonora.gob.mx<\/a><\/p>\n<p align=\"center\">Comunicado de Prensa<\/p>\n<p align=\"center\">No. 0425237<\/p>\n<p align=\"center\">Participan estudiantes de la UES en proyecto entre M\u00e9xico y Colombia \u201cConectando Fronteras\u201d<\/p>\n<p align=\"center\">\n<p>\u2022 Colaboran en la formulaci\u00f3n de modelos de negocios sostenibles con estudiantes de la Universidad de Am\u00e9rica.<\/p>\n<p>Hermosillo, Sonora; 28 de abril de 2025.- Treinta estudiantes y tres docentes de la Universidad Estatal de Sonora (UES) participan en el proyecto internacional \u201cConectando Fronteras: Emprendimiento, Mercadotecnia, Log\u00edstica y Cadena de Suministros entre M\u00e9xico y Colombia con el uso de TICs\u201d, que promueve el aprendizaje colaborativo en l\u00ednea con j\u00f3venes de la Universidad de Am\u00e9rica, en Colombia.<\/p>\n<p>La rectora de la UES, Martha Patricia Pati\u00f1o Fierro, destac\u00f3 que este esfuerzo acad\u00e9mico se desarrolla mediante la metodolog\u00eda COIL (Collaborative Online International Learning), la cual permite a las y los participantes formar equipos binacionales y dise\u00f1ar modelos de negocio sostenibles que puedan implementarse en ambos pa\u00edses.<\/p>\n<p>\u201cEsta colaboraci\u00f3n brindar\u00e1 oportunidades a las y los estudiantes mexicanos y colombianos para aplicar el contenido aprendido en las clases de Desarrollo Emprendedor, Fundamentos de Emprendimiento, Mercadotecnia Internacional, Log\u00edstica y Cadena de Suministros, para formular un modelo de negocio sostenible\u201d, mencion\u00f3.<\/p>\n<p>Los equipos, integrados por tres j\u00f3venes de la UES y tres de la Universidad de Am\u00e9rica, desarrollan propuestas de productos o servicios con potencial de comercializaci\u00f3n entre M\u00e9xico y Colombia, incorporando componentes de emprendimiento, marketing, log\u00edstica y sostenibilidad, alineados a los Objetivos del Desarrollo Sostenible.<\/p>\n<p>A lo largo del proyecto, las y los estudiantes utilizan herramientas digitales para organizar y planificar sus actividades colaborativas, realizan estudios de mercado y presentan sus propuestas mediante un video tipo pitch que ser\u00e1 evaluado por un jurado acad\u00e9mico.<\/p>\n<p>La UES participa con alumnado de las licenciaturas en Administraci\u00f3n de Empresas y de Ingenier\u00eda en Horticultura, como parte del compromiso institucional de internacionalizar el curr\u00edculo y ofrecer experiencias globales accesibles para su comunidad estudiantil.<\/td>\n<\/tr>\n<\/tbody>\n<\/table>\n<\/td>\n<\/tr>\n<\/tbody>\n<\/table>\n<\/td>\n<\/tr>\n<\/tbody>\n<\/table>\n<\/td>\n<\/tr>\n<\/tbody>\n<\/table>\n<\/td>\n<\/tr>\n<\/tbody>\n<\/table>\n","protected":false},"excerpt":{"rendered":"<p>Para m\u00e1s informaci\u00f3n visite\u00a0www.sonora.gob.mx Comunicado de Prensa No. 0425237 Participan estudiantes de la UES en proyecto entre M\u00e9xico y Colombia \u201cConectando Fronteras\u201d \u2022 Colaboran en la formulaci\u00f3n de modelos de negocios sostenibles con estudiantes de la Universidad de Am\u00e9rica. Hermosillo, Sonora; 28 de abril de 2025.- Treinta estudiantes y tres docentes de la Universidad Estatal [&hellip;]<\/p>\n","protected":false},"author":2,"featured_media":216487,"comment_status":"closed","ping_status":"closed","sticky":false,"template":"","format":"standard","meta":{"footnotes":""},"categories":[12870,178],"tags":[12865,12869],"class_list":["post-216486","post","type-post","status-publish","format-standard","has-post-thumbnail","hentry","category-destacadas","category-local","tag-destacadas","tag-local"],"jetpack_featured_media_url":"https:\/\/rnoticias.com.mx\/Portal\/wp-content\/uploads\/2025\/04\/unnamed-1-59.jpg","amp_enabled":true,"_links":{"self":[{"href":"https:\/\/rnoticias.com.mx\/Portal\/wp-json\/wp\/v2\/posts\/216486","targetHints":{"allow":["GET"]}}],"collection":[{"href":"https:\/\/rnoticias.com.mx\/Portal\/wp-json\/wp\/v2\/posts"}],"about":[{"href":"https:\/\/rnoticias.com.mx\/Portal\/wp-json\/wp\/v2\/types\/post"}],"author":[{"embeddable":true,"href":"https:\/\/rnoticias.com.mx\/Portal\/wp-json\/wp\/v2\/users\/2"}],"replies":[{"embeddable":true,"href":"https:\/\/rnoticias.com.mx\/Portal\/wp-json\/wp\/v2\/comments?post=216486"}],"version-history":[{"count":1,"href":"https:\/\/rnoticias.com.mx\/Portal\/wp-json\/wp\/v2\/posts\/216486\/revisions"}],"predecessor-version":[{"id":216488,"href":"https:\/\/rnoticias.com.mx\/Portal\/wp-json\/wp\/v2\/posts\/216486\/revisions\/216488"}],"wp:featuredmedia":[{"embeddable":true,"href":"https:\/\/rnoticias.com.mx\/Portal\/wp-json\/wp\/v2\/media\/216487"}],"wp:attachment":[{"href":"https:\/\/rnoticias.com.mx\/Portal\/wp-json\/wp\/v2\/media?parent=216486"}],"wp:term":[{"taxonomy":"category","embeddable":true,"href":"https:\/\/rnoticias.com.mx\/Portal\/wp-json\/wp\/v2\/categories?post=216486"},{"taxonomy":"post_tag","embeddable":true,"href":"https:\/\/rnoticias.com.mx\/Portal\/wp-json\/wp\/v2\/tags?post=216486"}],"curies":[{"name":"wp","href":"https:\/\/api.w.org\/{rel}","templated":true}]}}