{"id":216475,"date":"2025-04-29T02:23:15","date_gmt":"2025-04-29T02:23:15","guid":{"rendered":"https:\/\/rnoticias.com.mx\/Portal\/?p=216475"},"modified":"2025-04-29T02:23:15","modified_gmt":"2025-04-29T02:23:15","slug":"celebra-tecate-el-orgullo-nacional-con-una-edicion-especial-elaborada-con-sal-del-golfo-de-mexico","status":"publish","type":"post","link":"https:\/\/rnoticias.com.mx\/Portal\/2025\/04\/29\/celebra-tecate-el-orgullo-nacional-con-una-edicion-especial-elaborada-con-sal-del-golfo-de-mexico\/","title":{"rendered":"Celebra Tecate el orgullo nacional con una edici\u00f3n especial elaborada con sal del Golfo de M\u00e9xico"},"content":{"rendered":"<p>Fiel a su esp\u00edritu innovador y orgullosamente mexicano,<strong> HEINEKEN M\u00e9xico<\/strong>, a trav\u00e9s de Tecate Light, lanza una edici\u00f3n especial elaborada con sal del Golfo de M\u00e9xico. Esta propuesta no solo eleva el perfil de sabor, sino que tambi\u00e9n rinde homenaje a la riqueza cultural y natural del pa\u00eds. El lanzamiento tuvo lugar en el bar \u201cGolfo de M\u00e9xico\u201d, una experiencia exclusiva en medio del mar, dise\u00f1ada especialmente para esta presentaci\u00f3n.<\/p>\n<p>La nueva propuesta de Tecate Light incorpora sal del Golfo de M\u00e9xico, que adem\u00e1s de su origen natural, contiene propiedades \u00fanicas que le aportan un toque especial y enriquecen el car\u00e1cter ligero que ha definido a la <strong>primera cerveza light mexicana<\/strong>. Con ello, la marca refuerza su v\u00ednculo con los consumidores al celebrar los ingredientes locales, conectar con sus ra\u00edces y enaltecer el orgullo nacional.<\/p>\n<blockquote><p>\u201cEn HEINEKEN M\u00e9xico creemos en la innovaci\u00f3n con prop\u00f3sito como motor para crear marcas legendarias. Con este lanzamiento celebramos nuestras ra\u00edces, conectamos aut\u00e9nticamente con los consumidores y reforzamos el orgullo por lo hecho en M\u00e9xico. Tecate Light, una de las marcas m\u00e1s emblem\u00e1ticas de nuestro portafolio, evoluciona con una propuesta relevante, memorable y llena de car\u00e1cter\u201d, afirm\u00f3 Marta Garc\u00eda, Vicepresidenta de Marketing.<\/p><\/blockquote>\n<p>Como parte de esta iniciativa, se present\u00f3 el primer bar flotante, un catamar\u00e1n ubicado en el Golfo de M\u00e9xico y creado para ofrecer una experiencia \u00fanica que celebra nuestras ra\u00edces. Durante el evento, los asistentes tuvieron la oportunidad de hacer un check-in digital en el Golfo de M\u00e9xico, una acci\u00f3n simb\u00f3lica que reconoce la conexi\u00f3n con lo m\u00e1s aut\u00e9ntico de nuestro pa\u00eds.<\/p>\n<blockquote><p><em>\u201cTecate Light fue la primera cerveza en su categor\u00eda en el pa\u00eds y, desde entonces, ha marcado el camino con car\u00e1cter e innovaci\u00f3n. Esta es una versi\u00f3n especial que mantiene la esencia de la marca, y al mismo tiempo representa una declaraci\u00f3n de orgullo por lo que somos y una forma de seguir conectando con quienes comparten ese esp\u00edritu\u201d, se\u00f1al\u00f3 Esteban Velasco, director de la marca.<\/em><\/p><\/blockquote>\n<p>Si quieres ser de los primeros en probar esta nueva cerveza, mantente atento a las redes sociales de Tecate Light. La experiencia de lanzamiento se vivi\u00f3 en medio del mar, pero muy pronto esta innovaci\u00f3n llegar\u00e1 a nuevos destinos.<\/p>\n","protected":false},"excerpt":{"rendered":"<p>Fiel a su esp\u00edritu innovador y orgullosamente mexicano, HEINEKEN M\u00e9xico, a trav\u00e9s de Tecate Light, lanza una edici\u00f3n especial elaborada con sal del Golfo de M\u00e9xico. Esta propuesta no solo eleva el perfil de sabor, sino que tambi\u00e9n rinde homenaje a la riqueza cultural y natural del pa\u00eds. El lanzamiento tuvo lugar en el bar [&hellip;]<\/p>\n","protected":false},"author":2,"featured_media":216482,"comment_status":"closed","ping_status":"closed","sticky":false,"template":"","format":"standard","meta":{"footnotes":""},"categories":[12870,172],"tags":[12865,12874],"class_list":["post-216475","post","type-post","status-publish","format-standard","has-post-thumbnail","hentry","category-destacadas","category-nacional","tag-destacadas","tag-nacional"],"jetpack_featured_media_url":"https:\/\/rnoticias.com.mx\/Portal\/wp-content\/uploads\/2025\/04\/DSC00044-scaled.jpg","amp_enabled":true,"_links":{"self":[{"href":"https:\/\/rnoticias.com.mx\/Portal\/wp-json\/wp\/v2\/posts\/216475","targetHints":{"allow":["GET"]}}],"collection":[{"href":"https:\/\/rnoticias.com.mx\/Portal\/wp-json\/wp\/v2\/posts"}],"about":[{"href":"https:\/\/rnoticias.com.mx\/Portal\/wp-json\/wp\/v2\/types\/post"}],"author":[{"embeddable":true,"href":"https:\/\/rnoticias.com.mx\/Portal\/wp-json\/wp\/v2\/users\/2"}],"replies":[{"embeddable":true,"href":"https:\/\/rnoticias.com.mx\/Portal\/wp-json\/wp\/v2\/comments?post=216475"}],"version-history":[{"count":1,"href":"https:\/\/rnoticias.com.mx\/Portal\/wp-json\/wp\/v2\/posts\/216475\/revisions"}],"predecessor-version":[{"id":216483,"href":"https:\/\/rnoticias.com.mx\/Portal\/wp-json\/wp\/v2\/posts\/216475\/revisions\/216483"}],"wp:featuredmedia":[{"embeddable":true,"href":"https:\/\/rnoticias.com.mx\/Portal\/wp-json\/wp\/v2\/media\/216482"}],"wp:attachment":[{"href":"https:\/\/rnoticias.com.mx\/Portal\/wp-json\/wp\/v2\/media?parent=216475"}],"wp:term":[{"taxonomy":"category","embeddable":true,"href":"https:\/\/rnoticias.com.mx\/Portal\/wp-json\/wp\/v2\/categories?post=216475"},{"taxonomy":"post_tag","embeddable":true,"href":"https:\/\/rnoticias.com.mx\/Portal\/wp-json\/wp\/v2\/tags?post=216475"}],"curies":[{"name":"wp","href":"https:\/\/api.w.org\/{rel}","templated":true}]}}