{"id":216467,"date":"2025-04-29T02:12:27","date_gmt":"2025-04-29T02:12:27","guid":{"rendered":"https:\/\/rnoticias.com.mx\/Portal\/?p=216467"},"modified":"2025-04-29T02:12:27","modified_gmt":"2025-04-29T02:12:27","slug":"avanza-reforma-que-permite-a-funcionarios-cfe-y-pemex-portar-armas","status":"publish","type":"post","link":"https:\/\/rnoticias.com.mx\/Portal\/2025\/04\/29\/avanza-reforma-que-permite-a-funcionarios-cfe-y-pemex-portar-armas\/","title":{"rendered":"Avanza reforma que permite a funcionarios CFE y Pemex portar armas"},"content":{"rendered":"<p>Las\u00a0<strong>Comisiones Unidas de Defensa Nacional y de Estudios Legislativos<\/strong>, Primera, avalaron una reforma a la Ley Federal de Armas de Fuego y Explosivos, que permite que los integrantes de las empresas p\u00fablicas, paraestatales y \u00f3rganos aut\u00f3nomos podr\u00e1n portar armas para el desarrollo de sus funciones, es decir, trabajadores de la\u00a0<strong>Comisi\u00f3n Federal de Electricidad\u00a0<\/strong>(CFE), Banco de M\u00e9xico (Banxico), Casa de Moneda, CNI (Centro Nacional de Inteligencia) y Servicio de Administraci\u00f3n Tributaria (SAT).<\/p>\n<p>La reforma, ampl\u00eda los permisos para la portaci\u00f3n de armas de fuego para ejidatarios y funcionarios de \u00e1reas estrat\u00e9gicas.<\/p>\n<p>Asimismo,\u00a0<strong>busca actualizarla y establecer un nuevo marco jur\u00eddico,<\/strong>\u00a0adem\u00e1s de adaptar la norma a exigencias contempor\u00e1neas en materia de seguridad nacional, legalidad, control constitucional y protecci\u00f3n civil.<\/p>\n<div id=\"eldia-514138490\" class=\"eldia-contenido eldia-target\" data-eldia-trackid=\"1573641\" data-eldia-trackbid=\"1\"><\/div>\n<p>El proyecto, derivado de una minuta remitida por la C\u00e1mara de Diputados, fue avalado por 24 votos a favor y modifica m\u00e1s de\u00a0<strong>100 art\u00edculos de la referida ley federal,<\/strong>\u00a0crea nuevos apartados y deroga disposiciones obsoletas, explic\u00f3 la presidenta de la Comisi\u00f3n de Defensa Nacional, Ana Lilia Rivera Rivera.<\/p>\n<p>La senadora detall\u00f3 que las modificaciones a la Ley Federal de Armas de Fuego y Explosivos fueron propuestas y remitidas al\u00a0<strong>Congreso de la Uni\u00f3n\u00a0<\/strong>en septiembre de 2024 por el entonces titular del Ejecutivo, y contempla seis ejes principales.<\/p>\n<p>&nbsp;<\/p>\n<p>El Universal<\/p>\n","protected":false},"excerpt":{"rendered":"<p>Las\u00a0Comisiones Unidas de Defensa Nacional y de Estudios Legislativos, Primera, avalaron una reforma a la Ley Federal de Armas de Fuego y Explosivos, que permite que los integrantes de las empresas p\u00fablicas, paraestatales y \u00f3rganos aut\u00f3nomos podr\u00e1n portar armas para el desarrollo de sus funciones, es decir, trabajadores de la\u00a0Comisi\u00f3n Federal de Electricidad\u00a0(CFE), Banco de [&hellip;]<\/p>\n","protected":false},"author":2,"featured_media":216470,"comment_status":"closed","ping_status":"closed","sticky":false,"template":"","format":"standard","meta":{"footnotes":""},"categories":[12870,172],"tags":[12865,12874],"class_list":["post-216467","post","type-post","status-publish","format-standard","has-post-thumbnail","hentry","category-destacadas","category-nacional","tag-destacadas","tag-nacional"],"jetpack_featured_media_url":"https:\/\/rnoticias.com.mx\/Portal\/wp-content\/uploads\/2025\/04\/DhS4TFt0Y5.webp","amp_enabled":true,"_links":{"self":[{"href":"https:\/\/rnoticias.com.mx\/Portal\/wp-json\/wp\/v2\/posts\/216467","targetHints":{"allow":["GET"]}}],"collection":[{"href":"https:\/\/rnoticias.com.mx\/Portal\/wp-json\/wp\/v2\/posts"}],"about":[{"href":"https:\/\/rnoticias.com.mx\/Portal\/wp-json\/wp\/v2\/types\/post"}],"author":[{"embeddable":true,"href":"https:\/\/rnoticias.com.mx\/Portal\/wp-json\/wp\/v2\/users\/2"}],"replies":[{"embeddable":true,"href":"https:\/\/rnoticias.com.mx\/Portal\/wp-json\/wp\/v2\/comments?post=216467"}],"version-history":[{"count":1,"href":"https:\/\/rnoticias.com.mx\/Portal\/wp-json\/wp\/v2\/posts\/216467\/revisions"}],"predecessor-version":[{"id":216471,"href":"https:\/\/rnoticias.com.mx\/Portal\/wp-json\/wp\/v2\/posts\/216467\/revisions\/216471"}],"wp:featuredmedia":[{"embeddable":true,"href":"https:\/\/rnoticias.com.mx\/Portal\/wp-json\/wp\/v2\/media\/216470"}],"wp:attachment":[{"href":"https:\/\/rnoticias.com.mx\/Portal\/wp-json\/wp\/v2\/media?parent=216467"}],"wp:term":[{"taxonomy":"category","embeddable":true,"href":"https:\/\/rnoticias.com.mx\/Portal\/wp-json\/wp\/v2\/categories?post=216467"},{"taxonomy":"post_tag","embeddable":true,"href":"https:\/\/rnoticias.com.mx\/Portal\/wp-json\/wp\/v2\/tags?post=216467"}],"curies":[{"name":"wp","href":"https:\/\/api.w.org\/{rel}","templated":true}]}}