{"id":216444,"date":"2025-04-29T02:01:53","date_gmt":"2025-04-29T02:01:53","guid":{"rendered":"https:\/\/rnoticias.com.mx\/Portal\/?p=216444"},"modified":"2025-04-29T02:01:53","modified_gmt":"2025-04-29T02:01:53","slug":"miles-de-jinetes-participan-en-manifestacion-de-la-expogan-2025","status":"publish","type":"post","link":"https:\/\/rnoticias.com.mx\/Portal\/2025\/04\/29\/miles-de-jinetes-participan-en-manifestacion-de-la-expogan-2025\/","title":{"rendered":"Miles de jinetes participan en manifestaci\u00f3n de la ExpoGan 2025"},"content":{"rendered":"<p>Con la participaci\u00f3n de miles de jinetes, decenas de carros y comparsas, se realiz\u00f3 este domingo en Hermosillo la manifestaci\u00f3n de la ExpoGan Sonora 2025 y la cual fue presenciada por miles de personas que se dieron cita en toda la ruta que comprendi\u00f3 desde el bulevar Kino hasta la Casa de la Cultura.<\/p>\n<p>&nbsp;<\/p>\n<p>Como ha sido a lo largo de toda su historia, la manifestaci\u00f3n de la ExpoGan marca el arranque de la tambi\u00e9n conocida como \u201cLa Fiesta del Pueblo\u201d y la cual se inaugurar\u00e1 este mi\u00e9rcoles 30 de abril con el tradicional corte de la reata.<\/p>\n<p>&nbsp;<\/p>\n<p>El recorrido de este 2025, se llev\u00f3 a cabo gracias a la presencia de miles de jinetes, incluido el cantante sonorense \u201cGabito\u201d Ballesteros, quien, sobre un hermoso caballo negro, particip\u00f3 por primera ocasi\u00f3n en dicha manifestaci\u00f3n. Adem\u00e1s, se tuvo el respaldo de m\u00e1s de 50 carros aleg\u00f3ricos y comparsas que llevaban consigo m\u00fasica y alegr\u00eda para amenizar dicho recorrido.<\/p>\n<p>&nbsp;<\/p>\n<p>Igualmente, no pod\u00edan faltar como lo han sido a\u00f1o tras a\u00f1o, la presencia de m\u00e1s de 40 embajadoras de asociaciones ganaderas locales y donde una de ellas ser\u00e1 coronada como la reina de la ganader\u00eda sonorense en este 2025.<\/p>\n<p>&nbsp;<\/p>\n<p>En el evento, Juan Carlos Ochoa Valenzuela, presidente de la Uni\u00f3n Ganadera Regional de Sonora (UGRS), celebr\u00f3 la presencia de miles de hermosillenses en esa actividad, igual de la participaci\u00f3n de los ganaderos, ya que con esa combinaci\u00f3n se reafirma la identidad ganadera de Sonora.<\/p>\n<p>&nbsp;<\/p>\n<p><strong>\u201cNos da como siempre mucho gusto ver a tantas familias reunidas en esta manifestaci\u00f3n, ya que se nota las ganas de presenciar el ambiente de lo que representa la ganader\u00eda y la ExpoGan\u201d, afirm\u00f3 Ochoa Valenzuela.<\/strong><\/p>\n","protected":false},"excerpt":{"rendered":"<p>Con la participaci\u00f3n de miles de jinetes, decenas de carros y comparsas, se realiz\u00f3 este domingo en Hermosillo la manifestaci\u00f3n de la ExpoGan Sonora 2025 y la cual fue presenciada por miles de personas que se dieron cita en toda la ruta que comprendi\u00f3 desde el bulevar Kino hasta la Casa de la Cultura. &nbsp; [&hellip;]<\/p>\n","protected":false},"author":2,"featured_media":216446,"comment_status":"closed","ping_status":"closed","sticky":false,"template":"","format":"standard","meta":{"footnotes":""},"categories":[12870,178],"tags":[12865,12869],"class_list":["post-216444","post","type-post","status-publish","format-standard","has-post-thumbnail","hentry","category-destacadas","category-local","tag-destacadas","tag-local"],"jetpack_featured_media_url":"https:\/\/rnoticias.com.mx\/Portal\/wp-content\/uploads\/2025\/04\/Expo3-1024x568-1.png","amp_enabled":true,"_links":{"self":[{"href":"https:\/\/rnoticias.com.mx\/Portal\/wp-json\/wp\/v2\/posts\/216444","targetHints":{"allow":["GET"]}}],"collection":[{"href":"https:\/\/rnoticias.com.mx\/Portal\/wp-json\/wp\/v2\/posts"}],"about":[{"href":"https:\/\/rnoticias.com.mx\/Portal\/wp-json\/wp\/v2\/types\/post"}],"author":[{"embeddable":true,"href":"https:\/\/rnoticias.com.mx\/Portal\/wp-json\/wp\/v2\/users\/2"}],"replies":[{"embeddable":true,"href":"https:\/\/rnoticias.com.mx\/Portal\/wp-json\/wp\/v2\/comments?post=216444"}],"version-history":[{"count":1,"href":"https:\/\/rnoticias.com.mx\/Portal\/wp-json\/wp\/v2\/posts\/216444\/revisions"}],"predecessor-version":[{"id":216447,"href":"https:\/\/rnoticias.com.mx\/Portal\/wp-json\/wp\/v2\/posts\/216444\/revisions\/216447"}],"wp:featuredmedia":[{"embeddable":true,"href":"https:\/\/rnoticias.com.mx\/Portal\/wp-json\/wp\/v2\/media\/216446"}],"wp:attachment":[{"href":"https:\/\/rnoticias.com.mx\/Portal\/wp-json\/wp\/v2\/media?parent=216444"}],"wp:term":[{"taxonomy":"category","embeddable":true,"href":"https:\/\/rnoticias.com.mx\/Portal\/wp-json\/wp\/v2\/categories?post=216444"},{"taxonomy":"post_tag","embeddable":true,"href":"https:\/\/rnoticias.com.mx\/Portal\/wp-json\/wp\/v2\/tags?post=216444"}],"curies":[{"name":"wp","href":"https:\/\/api.w.org\/{rel}","templated":true}]}}