{"id":216438,"date":"2025-04-29T01:53:26","date_gmt":"2025-04-29T01:53:26","guid":{"rendered":"https:\/\/rnoticias.com.mx\/Portal\/?p=216438"},"modified":"2025-04-29T01:53:26","modified_gmt":"2025-04-29T01:53:26","slug":"sonora-sede-clave-para-el-futuro-de-los-semiconductores-en-mexico","status":"publish","type":"post","link":"https:\/\/rnoticias.com.mx\/Portal\/2025\/04\/29\/sonora-sede-clave-para-el-futuro-de-los-semiconductores-en-mexico\/","title":{"rendered":"Sonora, sede clave para el futuro de los semiconductores en M\u00e9xico"},"content":{"rendered":"<p>Hermosillo, Sonora; 28 de abril de 2025.- Los semiconductores son clave para el crecimiento econ\u00f3mico y tecnol\u00f3gico del pa\u00eds, y Sonora est\u00e1 llamado a ser un centro estrat\u00e9gico para el desarrollo de esta industria, expres\u00f3 el presidente Ejecutivo del Consejo para el Desarrollo Sostenible de Sonora (Codeso), Francisco Acu\u00f1a M\u00e9ndez, al representar al gobernador Alfonso Durazo Monta\u00f1o en la inauguraci\u00f3n de la Primera Reuni\u00f3n Nacional de Semiconductores que organiz\u00f3 el Instituto Nacional de M\u00e9xico.<\/p>\n<p>Acu\u00f1a M\u00e9ndez, agradeci\u00f3 a Ram\u00f3n Jim\u00e9nez L\u00f3pez, director General del Tecnol\u00f3gico Nacional de M\u00e9xico, el que Sonora haya sido elegida como sede de la reuni\u00f3n, reconociendo el esfuerzo conjunto de los sectores p\u00fablico, privado y acad\u00e9mico para hacer de este evento una realidad.<\/p>\n<p>&#8220;Es un honor que hayan elegido a Sonora para este encuentro de gran trascendencia. Este es el resultado del trabajo que hemos venido realizando para hacer de Sonora un estado referente en la industria de alta tecnolog\u00eda&#8221;, agreg\u00f3 Acu\u00f1a.<\/p>\n<p>Destac\u00f3 que, a trav\u00e9s del Plan Sonora de Energ\u00edas Sostenibles y con el apoyo del gobierno federal, se consolida a la regi\u00f3n como un centro de fabricaci\u00f3n y dise\u00f1o de semiconductores.<\/p>\n<p>Adem\u00e1s, se\u00f1al\u00f3 que la industria de semiconductores diversificar\u00e1 la econom\u00eda de Sonora e impulsar\u00e1 sectores como la electromovilidad y las energ\u00edas renovables, y posicionar\u00e1 a M\u00e9xico como un actor clave en la cadena global de suministro de tecnolog\u00eda avanzada.<\/p>\n<p>Al evento acudi\u00f3 tambi\u00e9n Diego Flores Jim\u00e9nez, titular de Industria Electr\u00f3nica y Digital de la Secretar\u00eda de Econom\u00eda, as\u00ed como representantes del Tecnol\u00f3gico Nacional de M\u00e9xico (TecNM), Foxconn, Qualcomm, y Skyworks, entre otros, quienes compartieron sus experiencias y visiones sobre el futuro de los semiconductores en M\u00e9xico.<\/p>\n<p>Acu\u00f1a subray\u00f3 la importancia de fortalecer la colaboraci\u00f3n entre el gobierno, la academia y la industria para construir un ecosistema robusto y sostenible que impulse la innovaci\u00f3n tecnol\u00f3gica y la creaci\u00f3n de empleo en el pa\u00eds.<\/p>\n<p>*Sonora como Centro Estrat\u00e9gico para la Industria de Semiconductores*<\/p>\n<p>El pasado lunes y martes Hermosillo fue sede de la Primera Reuni\u00f3n Nacional de Semiconductores, organizada por el Instituto Tecnol\u00f3gico Nacional de M\u00e9xico (TecNM).<\/p>\n<p>Al evento acudieron representantes de los sectores acad\u00e9mico, p\u00fablico y de empresas como Foxconn, Qualcomm, y Skyworks, entre otros, quienes compartieron sus experiencias y visiones sobre el futuro de los semiconductores en M\u00e9xico.<\/p>\n<p>En representaci\u00f3n del gobernador Alfonso Durazo Monta\u00f1o, acudi\u00f3 el presidente Ejecutivo del Consejo para el Desarrollo Sostenible de Sonora (CODESO), Francisco Acu\u00f1a M\u00e9ndez, quien destac\u00f3 el papel crucial que Sonora est\u00e1 desempe\u00f1ando en el desarrollo de esta industria estrat\u00e9gica.<\/p>\n<p>La entidad, bajo la visi\u00f3n del gobernador Alfonso Durazo, ha tenido avances en la construcci\u00f3n de un ecosistema para la fabricaci\u00f3n de semiconductores, como la capacitaci\u00f3n de talento, la alianza con instituciones educativas, y la promoci\u00f3n de inversiones.<\/p>\n","protected":false},"excerpt":{"rendered":"<p>Hermosillo, Sonora; 28 de abril de 2025.- Los semiconductores son clave para el crecimiento econ\u00f3mico y tecnol\u00f3gico del pa\u00eds, y Sonora est\u00e1 llamado a ser un centro estrat\u00e9gico para el desarrollo de esta industria, expres\u00f3 el presidente Ejecutivo del Consejo para el Desarrollo Sostenible de Sonora (Codeso), Francisco Acu\u00f1a M\u00e9ndez, al representar al gobernador Alfonso [&hellip;]<\/p>\n","protected":false},"author":2,"featured_media":216439,"comment_status":"closed","ping_status":"closed","sticky":false,"template":"","format":"standard","meta":{"footnotes":""},"categories":[12870,178],"tags":[12865,12869],"class_list":["post-216438","post","type-post","status-publish","format-standard","has-post-thumbnail","hentry","category-destacadas","category-local","tag-destacadas","tag-local"],"jetpack_featured_media_url":"https:\/\/rnoticias.com.mx\/Portal\/wp-content\/uploads\/2025\/04\/unnamed-1-58.jpg","amp_enabled":true,"_links":{"self":[{"href":"https:\/\/rnoticias.com.mx\/Portal\/wp-json\/wp\/v2\/posts\/216438","targetHints":{"allow":["GET"]}}],"collection":[{"href":"https:\/\/rnoticias.com.mx\/Portal\/wp-json\/wp\/v2\/posts"}],"about":[{"href":"https:\/\/rnoticias.com.mx\/Portal\/wp-json\/wp\/v2\/types\/post"}],"author":[{"embeddable":true,"href":"https:\/\/rnoticias.com.mx\/Portal\/wp-json\/wp\/v2\/users\/2"}],"replies":[{"embeddable":true,"href":"https:\/\/rnoticias.com.mx\/Portal\/wp-json\/wp\/v2\/comments?post=216438"}],"version-history":[{"count":1,"href":"https:\/\/rnoticias.com.mx\/Portal\/wp-json\/wp\/v2\/posts\/216438\/revisions"}],"predecessor-version":[{"id":216440,"href":"https:\/\/rnoticias.com.mx\/Portal\/wp-json\/wp\/v2\/posts\/216438\/revisions\/216440"}],"wp:featuredmedia":[{"embeddable":true,"href":"https:\/\/rnoticias.com.mx\/Portal\/wp-json\/wp\/v2\/media\/216439"}],"wp:attachment":[{"href":"https:\/\/rnoticias.com.mx\/Portal\/wp-json\/wp\/v2\/media?parent=216438"}],"wp:term":[{"taxonomy":"category","embeddable":true,"href":"https:\/\/rnoticias.com.mx\/Portal\/wp-json\/wp\/v2\/categories?post=216438"},{"taxonomy":"post_tag","embeddable":true,"href":"https:\/\/rnoticias.com.mx\/Portal\/wp-json\/wp\/v2\/tags?post=216438"}],"curies":[{"name":"wp","href":"https:\/\/api.w.org\/{rel}","templated":true}]}}