{"id":216435,"date":"2025-04-29T01:50:43","date_gmt":"2025-04-29T01:50:43","guid":{"rendered":"https:\/\/rnoticias.com.mx\/Portal\/?p=216435"},"modified":"2025-04-29T01:50:43","modified_gmt":"2025-04-29T01:50:43","slug":"listo-quiriego-para-festival-maria-bonita-y-promover-el-bacanora","status":"publish","type":"post","link":"https:\/\/rnoticias.com.mx\/Portal\/2025\/04\/29\/listo-quiriego-para-festival-maria-bonita-y-promover-el-bacanora\/","title":{"rendered":"Listo Quiriego para Festival Mar\u00eda Bonita y promover el Bacanora"},"content":{"rendered":"<p>Del 2 a 4 de mayo pr\u00f3ximo, el municipio de Quiriego va a realizar la quinta edici\u00f3n del tradicional evento Mar\u00eda Bonita y el cual sirve tambi\u00e9n para promover su bacanora.<\/p>\n<p>&nbsp;<\/p>\n<p>Fredi Flores Campos, alcalde de Quiriego, dio a conocer que el \u201cFestival Mar\u00eda Bonita con aroma a bacanora, impulsa y promueve esa bebida emblem\u00e1tica de Sonora, adem\u00e1s de otras actividades que complementar\u00e1n todo su programa en este 2025.<\/p>\n<p>&nbsp;<\/p>\n<p><strong>\u201cEl tema de la denominaci\u00f3n de origen, Quiriego es un municipio con denominaci\u00f3n de origen y nos hace sentir orgullosos. Tenemos que mostrarle al municipio, al estado, al pa\u00eds, al mundo lo que es el bacanora, una bebida emblem\u00e1tica, que realmente quien sabe el esfuerzo que lleva poder hacer y tener el resultado de una botella ya envasada, es un esfuerzo incre\u00edble que se tiene que dar a conocer al mundo\u201d, afirmo.<\/strong><\/p>\n<p><strong>\u00a0<\/strong><\/p>\n<p>Abund\u00f3, que todos los eventos que ofrecer\u00e1n dentro de este festival ser\u00e1n gratuitos y se incluir\u00e1n actividades de danza folcl\u00f3rica por parte de diferentes instituciones educativas, callejonadas acompa\u00f1adas por el burrito \u201cTata Pancho\u201d, carreras de caballos, as\u00ed como un gran baile con el grupo La Brissa.<\/p>\n<p>&nbsp;<\/p>\n<p>En lo que respecta a productores de bacanora, el presidente de Quiriego mencion\u00f3 que ya han confirmado asistencia 26 y los cuales brindar\u00e1n degustaciones en stands sobre la plaza Tres Culturas e igualmente habr\u00e1 venta de esa tradicional bebida.<\/p>\n<p>&nbsp;<\/p>\n","protected":false},"excerpt":{"rendered":"<p>Del 2 a 4 de mayo pr\u00f3ximo, el municipio de Quiriego va a realizar la quinta edici\u00f3n del tradicional evento Mar\u00eda Bonita y el cual sirve tambi\u00e9n para promover su bacanora. &nbsp; Fredi Flores Campos, alcalde de Quiriego, dio a conocer que el \u201cFestival Mar\u00eda Bonita con aroma a bacanora, impulsa y promueve esa bebida [&hellip;]<\/p>\n","protected":false},"author":2,"featured_media":216436,"comment_status":"closed","ping_status":"closed","sticky":false,"template":"","format":"standard","meta":{"footnotes":""},"categories":[12870,174],"tags":[12865,12873],"class_list":["post-216435","post","type-post","status-publish","format-standard","has-post-thumbnail","hentry","category-destacadas","category-estatal","tag-destacadas","tag-estatal"],"jetpack_featured_media_url":"https:\/\/rnoticias.com.mx\/Portal\/wp-content\/uploads\/2025\/04\/bacanora-festival-internacional-cervantino-guanajuato-5.webp","amp_enabled":true,"_links":{"self":[{"href":"https:\/\/rnoticias.com.mx\/Portal\/wp-json\/wp\/v2\/posts\/216435","targetHints":{"allow":["GET"]}}],"collection":[{"href":"https:\/\/rnoticias.com.mx\/Portal\/wp-json\/wp\/v2\/posts"}],"about":[{"href":"https:\/\/rnoticias.com.mx\/Portal\/wp-json\/wp\/v2\/types\/post"}],"author":[{"embeddable":true,"href":"https:\/\/rnoticias.com.mx\/Portal\/wp-json\/wp\/v2\/users\/2"}],"replies":[{"embeddable":true,"href":"https:\/\/rnoticias.com.mx\/Portal\/wp-json\/wp\/v2\/comments?post=216435"}],"version-history":[{"count":1,"href":"https:\/\/rnoticias.com.mx\/Portal\/wp-json\/wp\/v2\/posts\/216435\/revisions"}],"predecessor-version":[{"id":216437,"href":"https:\/\/rnoticias.com.mx\/Portal\/wp-json\/wp\/v2\/posts\/216435\/revisions\/216437"}],"wp:featuredmedia":[{"embeddable":true,"href":"https:\/\/rnoticias.com.mx\/Portal\/wp-json\/wp\/v2\/media\/216436"}],"wp:attachment":[{"href":"https:\/\/rnoticias.com.mx\/Portal\/wp-json\/wp\/v2\/media?parent=216435"}],"wp:term":[{"taxonomy":"category","embeddable":true,"href":"https:\/\/rnoticias.com.mx\/Portal\/wp-json\/wp\/v2\/categories?post=216435"},{"taxonomy":"post_tag","embeddable":true,"href":"https:\/\/rnoticias.com.mx\/Portal\/wp-json\/wp\/v2\/tags?post=216435"}],"curies":[{"name":"wp","href":"https:\/\/api.w.org\/{rel}","templated":true}]}}