{"id":216421,"date":"2025-04-29T01:41:37","date_gmt":"2025-04-29T01:41:37","guid":{"rendered":"https:\/\/rnoticias.com.mx\/Portal\/?p=216421"},"modified":"2025-04-29T01:41:37","modified_gmt":"2025-04-29T01:41:37","slug":"el-conclave-para-elegir-al-nuevo-papa-comenzara-el-7-de-mayo","status":"publish","type":"post","link":"https:\/\/rnoticias.com.mx\/Portal\/2025\/04\/29\/el-conclave-para-elegir-al-nuevo-papa-comenzara-el-7-de-mayo\/","title":{"rendered":"El C\u00f3nclave para elegir al nuevo Papa comenzar\u00e1 el 7 de mayo"},"content":{"rendered":"<p>La ma\u00f1ana de este lunes, 28 de abril, durante la V Congregaci\u00f3n General los m\u00e1s de 180 Cardenales reunidos en el Aula Nueva del S\u00ednodo del Vaticano decidieron que, el pr\u00f3ximo mi\u00e9rcoles 7 de mayo comenzar\u00e1 el C\u00f3nclave para elegir al 267\u00ba Sucesor de Pedro, en la Capilla Sixtina del Vaticano, que permanecer\u00e1 cerrada al p\u00fablico durante esos d\u00edas.<\/p>\n<p>Asimismo, se se\u00f1ala que durante esta V Congregaci\u00f3n General se presentaron 20 intervenciones sobre la Iglesia, su relaci\u00f3n con el mundo, los desaf\u00edos que se presentan y las cualidades que deber\u00e1 tener el nuevo Papa para responder a tales retos.<\/p>\n<p>Adem\u00e1s, se eligi\u00f3 a tres nuevos Cardenales de la Comisi\u00f3n que asiste al Cardenal Camarlengo de la Santa Iglesia Romana para los pr\u00f3ximos tres d\u00edas, los cardenales: Reinhard Marx, Luis Antonio Tagle y Dominique Mamberti.<\/p>\n<p>La pr\u00f3xima Congregaci\u00f3n General se desarrollar\u00e1 este martes, 29 de abril, a las 9.00 hora de Roma, en la cual se tendr\u00e1 la meditaci\u00f3n de don Donato Ogliari, Abad de la Bas\u00edlica de San Pablo Extramuros. Adem\u00e1s, las Congregaciones Generales se desarrollar\u00e1n hasta el d\u00eda 6 de mayo, a excepci\u00f3n del jueves 1 y domingo 4 de mayo.<\/p>\n<h2><b>Las normas de la\u00a0<i>Universi Dominici Gregis<\/i><\/b><\/h2>\n<p>El momento del inicio del C\u00f3nclave est\u00e1 establecido por las normas de la constituci\u00f3n apost\u00f3lica de Juan Pablo II,\u00a0<i>Universi Dominici Gregis<\/i>, actualizada por Benedicto XVI con el Motu Proprio del 11 de junio de 2007, y con la m\u00e1s reciente del 22 de febrero de 2013. Seg\u00fan la Constituci\u00f3n, el C\u00f3nclave \u2013 del lat\u00edn\u00a0<i>cum clave<\/i>, que significa cerrado \u2013 comienza entre el decimoquinto y el vig\u00e9simo d\u00eda despu\u00e9s de la muerte del Papa, despu\u00e9s de los\u00a0<i>Novendiali<\/i>, los nueve d\u00edas de celebraciones en sufragio por el alma del Pont\u00edfice difunto. M\u00e1s concretamente, desde el momento en que la Sede Apost\u00f3lica queda leg\u00edtimamente vacante, los cardenales electores presentes deben esperar quince d\u00edas completos por los ausentes, hasta un m\u00e1ximo de veinte d\u00edas, si hay razones graves. El Motu Proprio\u00a0<i>Normas nonnullas<\/i>\u00a0tambi\u00e9n deja al Colegio Cardenalicio la facultad de adelantar el inicio del C\u00f3nclave si es cierto que est\u00e1n presentes todos los electores.<\/p>\n<p>En estos d\u00edas todav\u00eda se espera en Roma a Cardenales procedentes de los lugares m\u00e1s lejanos del mundo. En la Ciudad Eterna encontrar\u00e1n alojamiento en la Casa Santa Marta, la\u00a0<i>Domus<\/i>\u00a0Vaticana donde Francisco hab\u00eda decidido vivir, renunciando al apartamento papal.<\/p>\n<h2><b>La Misa de apertura y la procesi\u00f3n hacia la Capilla Sixtina<\/b><\/h2>\n<p>El mi\u00e9rcoles 7 de mayo por la ma\u00f1ana, todos concelebrar\u00e1n la solemne Misa\u00a0<i>\u201cpro eligendo Pontifice\u201d<\/i>, celebraci\u00f3n Eucar\u00edstica presidida por el Decano del Colegio Cardenalicio, quien invitar\u00e1 a sus hermanos a dirigirse por la tarde a la Capilla Sixtina con estas palabras:<\/p>\n<p><i>\u201cToda la Iglesia, unida a nosotros en la oraci\u00f3n, invoca constantemente la gracia del Esp\u00edritu Santo, para que sea elegido por nosotros un digno Pastor de todo el reba\u00f1o de Cristo\u201d.<\/i><\/p>\n<p>Desde all\u00ed, la sugestiva procesi\u00f3n con traje coral se dirige a la Capilla Sixtina, en cuyo interior los cardenales cantar\u00e1n el himno\u00a0<i>Veni, Creator Spiritus<\/i>\u00a0y prestar\u00e1n juramento. La Capilla Sixtina estar\u00e1 acondicionada con bancos para el recuento de votos y un horno donde se quemar\u00e1n las papeletas. Para elegir al Papa ser\u00e1 necesaria una mayor\u00eda cualificada de dos tercios. Est\u00e1n previstas cuatro escrutinios por d\u00eda, dos en la ma\u00f1ana y dos en la tarde, y despu\u00e9s de la 33\u00aa o 34\u00aa votaci\u00f3n, en todo caso, se har\u00e1 una segunda vuelta directa y obligatoria entre los dos cardenales que hayan obtenido mayor n\u00famero de votos en la \u00faltima votaci\u00f3n. Pero tambi\u00e9n en este caso siempre ser\u00e1 necesaria una mayor\u00eda de dos tercios. Los dos cardenales que quedan en pugna no podr\u00e1n participar activamente en la votaci\u00f3n. Si los votos para un candidato alcanzan los dos tercios de los votantes, la elecci\u00f3n del Pont\u00edfice es can\u00f3nicamente v\u00e1lida.<\/p>\n<h2><b>La elecci\u00f3n del nuevo Papa<\/b><\/h2>\n<p>En este momento el \u00faltimo del orden de Cardenales Di\u00e1conos llama al Maestro de las Celebraciones Lit\u00fargicas y al Secretario del Colegio Cardenalicio. A los nuevos elegidos se les preguntar\u00e1:\u00a0<i>\u00bfAcceptasne electionem de te canonice factam in Summum Pontificem?<\/i>\u00a0 (\u00bfAcepta usted su elecci\u00f3n can\u00f3nica como Sumo Pont\u00edfice?) y ante una respuesta afirmativa a\u00f1ade:\u00a0<i>\u00bfQuo nomine vis vocari?<\/i>\u00a0(\u00bfC\u00f3mo quieres que te llamen?), pregunta a la que responder\u00e1 con su nombre pontificio. Tras la aceptaci\u00f3n, se queman las papeletas, logrando que desde la Plaza de San Pedro se pueda ver el cl\u00e1sico humo blanco. Al final del C\u00f3nclave, el nuevo Pont\u00edfice se retira a la \u201cSala de las L\u00e1grimas\u201d, es decir, la sacrist\u00eda de la Capilla Sixtina, donde revestir\u00e1 por primera vez los ornamentos papales \u2013 preparados en tres tallas \u2013 con los que se presentar\u00e1 a la multitud de fieles atra\u00eddos a la Plaza de San Pedro por la fumata blanca.<\/p>\n","protected":false},"excerpt":{"rendered":"<p>La ma\u00f1ana de este lunes, 28 de abril, durante la V Congregaci\u00f3n General los m\u00e1s de 180 Cardenales reunidos en el Aula Nueva del S\u00ednodo del Vaticano decidieron que, el pr\u00f3ximo mi\u00e9rcoles 7 de mayo comenzar\u00e1 el C\u00f3nclave para elegir al 267\u00ba Sucesor de Pedro, en la Capilla Sixtina del Vaticano, que permanecer\u00e1 cerrada al [&hellip;]<\/p>\n","protected":false},"author":2,"featured_media":216422,"comment_status":"closed","ping_status":"closed","sticky":false,"template":"","format":"standard","meta":{"footnotes":""},"categories":[12870,182],"tags":[12865,12871],"class_list":["post-216421","post","type-post","status-publish","format-standard","has-post-thumbnail","hentry","category-destacadas","category-internacional","tag-destacadas","tag-internacional"],"jetpack_featured_media_url":"https:\/\/rnoticias.com.mx\/Portal\/wp-content\/uploads\/2025\/04\/El-Conclave-para-elegir-al-nuevo-Papa-comenzara-el-7-de-mayo.jpeg","amp_enabled":true,"_links":{"self":[{"href":"https:\/\/rnoticias.com.mx\/Portal\/wp-json\/wp\/v2\/posts\/216421","targetHints":{"allow":["GET"]}}],"collection":[{"href":"https:\/\/rnoticias.com.mx\/Portal\/wp-json\/wp\/v2\/posts"}],"about":[{"href":"https:\/\/rnoticias.com.mx\/Portal\/wp-json\/wp\/v2\/types\/post"}],"author":[{"embeddable":true,"href":"https:\/\/rnoticias.com.mx\/Portal\/wp-json\/wp\/v2\/users\/2"}],"replies":[{"embeddable":true,"href":"https:\/\/rnoticias.com.mx\/Portal\/wp-json\/wp\/v2\/comments?post=216421"}],"version-history":[{"count":1,"href":"https:\/\/rnoticias.com.mx\/Portal\/wp-json\/wp\/v2\/posts\/216421\/revisions"}],"predecessor-version":[{"id":216423,"href":"https:\/\/rnoticias.com.mx\/Portal\/wp-json\/wp\/v2\/posts\/216421\/revisions\/216423"}],"wp:featuredmedia":[{"embeddable":true,"href":"https:\/\/rnoticias.com.mx\/Portal\/wp-json\/wp\/v2\/media\/216422"}],"wp:attachment":[{"href":"https:\/\/rnoticias.com.mx\/Portal\/wp-json\/wp\/v2\/media?parent=216421"}],"wp:term":[{"taxonomy":"category","embeddable":true,"href":"https:\/\/rnoticias.com.mx\/Portal\/wp-json\/wp\/v2\/categories?post=216421"},{"taxonomy":"post_tag","embeddable":true,"href":"https:\/\/rnoticias.com.mx\/Portal\/wp-json\/wp\/v2\/tags?post=216421"}],"curies":[{"name":"wp","href":"https:\/\/api.w.org\/{rel}","templated":true}]}}