{"id":216412,"date":"2025-04-29T01:26:24","date_gmt":"2025-04-29T01:26:24","guid":{"rendered":"https:\/\/rnoticias.com.mx\/Portal\/?p=216412"},"modified":"2025-04-29T01:26:24","modified_gmt":"2025-04-29T01:26:24","slug":"gobierno-de-sonora-promueve-la-movilidad-segura-con-educacion-vial","status":"publish","type":"post","link":"https:\/\/rnoticias.com.mx\/Portal\/2025\/04\/29\/gobierno-de-sonora-promueve-la-movilidad-segura-con-educacion-vial\/","title":{"rendered":"Gobierno de Sonora promueve la movilidad segura con educaci\u00f3n vial"},"content":{"rendered":"<p>Hermosillo, Sonora; 28 de abril de 2025.- Con la finalidad de brindar conocimientos b\u00e1sicos en seguridad vial, el Gobierno de Sonora a trav\u00e9s del Instituto de Movilidad y Transporte para el Estado de Sonora (IMTES) desarrolla diversos proyectos para promover una movilidad m\u00e1s segura.<\/p>\n<p>El coordinador ejecutivo del IMTES, Carlos Sosa Casta\u00f1eda, anunci\u00f3 que entre las acciones que se impulsan desde el instituto se encuentran los programas \u201cMi experiencia en bus\u201d, \u201cMi movilidad segura\u201d y \u201cSeguridad vial en mi colonia\u201d, este \u00faltimo en colaboraci\u00f3n con la Uni\u00f3n de Usuarios de Hermosillo.<\/p>\n<p>El programa \u201cMi experiencia en bus\u201d consiste en acompa\u00f1ar a la comunidad escolar de Educaci\u00f3n B\u00e1sica en su viaje de excursi\u00f3n. Durante el trayecto, personal del IMTES promueve los principios b\u00e1sicos de educaci\u00f3n y se\u00f1alizaci\u00f3n vial, conductas de riesgo, tipos de usuarios y jerarqu\u00eda vial, para que puedan identificar en su entorno inmediato los elementos que faciliten su tr\u00e1nsito seguro.<\/p>\n<p>\u201cMi movilidad segura\u201d es otro programa que se realiza en escuelas p\u00fablicas y aborda la movilidad y la seguridad vial de una forma l\u00fadica, con ejercicios y pr\u00e1cticas interactivas que atraen la atenci\u00f3n de las ni\u00f1as y los ni\u00f1os participantes.<\/p>\n<p>Como parte de las acciones de \u201cMi movilidad segura\u201d, se estableci\u00f3 este a\u00f1o el primer escuadr\u00f3n vial en la primaria \u201cCarlos Espinoza\u201d. Este equipo, conformado por docentes, madres y padres de familia, tiene como objetivo fortalecer la seguridad de los alumnos al entrar y salir de clases.<\/p>\n<p>Otro programa es \u201cSeguridad vial en mi colonia\u201d, el cual se implement\u00f3 este 2025 en colaboraci\u00f3n con la Uni\u00f3n de Usuarios de Hermosillo y consiste en visitar las colonias de la ciudad para dialogar con los vecinos sobre prevenci\u00f3n y educaci\u00f3n vial.<\/p>\n<p>Por \u00faltimo, el funcionario estatal manifest\u00f3: \u201cCon estas acciones buscamos fomentar h\u00e1bitos de cuidado y prevenci\u00f3n ante siniestros viales. Tambi\u00e9n aspiramos a crear conciencia al promover la tolerancia, el respeto, la solidaridad, y otros valores que propicien una convivencia armoniosa entre todas las personas usuarias\u201d.<\/p>\n","protected":false},"excerpt":{"rendered":"<p>Hermosillo, Sonora; 28 de abril de 2025.- Con la finalidad de brindar conocimientos b\u00e1sicos en seguridad vial, el Gobierno de Sonora a trav\u00e9s del Instituto de Movilidad y Transporte para el Estado de Sonora (IMTES) desarrolla diversos proyectos para promover una movilidad m\u00e1s segura. El coordinador ejecutivo del IMTES, Carlos Sosa Casta\u00f1eda, anunci\u00f3 que entre [&hellip;]<\/p>\n","protected":false},"author":2,"featured_media":216413,"comment_status":"closed","ping_status":"closed","sticky":false,"template":"","format":"standard","meta":{"footnotes":""},"categories":[12870,178],"tags":[12865,12869],"class_list":["post-216412","post","type-post","status-publish","format-standard","has-post-thumbnail","hentry","category-destacadas","category-local","tag-destacadas","tag-local"],"jetpack_featured_media_url":"https:\/\/rnoticias.com.mx\/Portal\/wp-content\/uploads\/2025\/04\/unnamed-120.jpg","amp_enabled":true,"_links":{"self":[{"href":"https:\/\/rnoticias.com.mx\/Portal\/wp-json\/wp\/v2\/posts\/216412","targetHints":{"allow":["GET"]}}],"collection":[{"href":"https:\/\/rnoticias.com.mx\/Portal\/wp-json\/wp\/v2\/posts"}],"about":[{"href":"https:\/\/rnoticias.com.mx\/Portal\/wp-json\/wp\/v2\/types\/post"}],"author":[{"embeddable":true,"href":"https:\/\/rnoticias.com.mx\/Portal\/wp-json\/wp\/v2\/users\/2"}],"replies":[{"embeddable":true,"href":"https:\/\/rnoticias.com.mx\/Portal\/wp-json\/wp\/v2\/comments?post=216412"}],"version-history":[{"count":1,"href":"https:\/\/rnoticias.com.mx\/Portal\/wp-json\/wp\/v2\/posts\/216412\/revisions"}],"predecessor-version":[{"id":216414,"href":"https:\/\/rnoticias.com.mx\/Portal\/wp-json\/wp\/v2\/posts\/216412\/revisions\/216414"}],"wp:featuredmedia":[{"embeddable":true,"href":"https:\/\/rnoticias.com.mx\/Portal\/wp-json\/wp\/v2\/media\/216413"}],"wp:attachment":[{"href":"https:\/\/rnoticias.com.mx\/Portal\/wp-json\/wp\/v2\/media?parent=216412"}],"wp:term":[{"taxonomy":"category","embeddable":true,"href":"https:\/\/rnoticias.com.mx\/Portal\/wp-json\/wp\/v2\/categories?post=216412"},{"taxonomy":"post_tag","embeddable":true,"href":"https:\/\/rnoticias.com.mx\/Portal\/wp-json\/wp\/v2\/tags?post=216412"}],"curies":[{"name":"wp","href":"https:\/\/api.w.org\/{rel}","templated":true}]}}