{"id":216407,"date":"2025-04-29T01:30:33","date_gmt":"2025-04-29T01:30:33","guid":{"rendered":"https:\/\/rnoticias.com.mx\/Portal\/?p=216407"},"modified":"2025-04-29T01:30:33","modified_gmt":"2025-04-29T01:30:33","slug":"el-imss-es-referente-de-una-institucion-publica-que-vela-por-los-derechos-de-las-y-los-trabajadores-zoe-robledo","status":"publish","type":"post","link":"https:\/\/rnoticias.com.mx\/Portal\/2025\/04\/29\/el-imss-es-referente-de-una-institucion-publica-que-vela-por-los-derechos-de-las-y-los-trabajadores-zoe-robledo\/","title":{"rendered":"El IMSS es referente de una instituci\u00f3n p\u00fablica que vela por los derechos de las y los trabajadores: Zo\u00e9 Robledo"},"content":{"rendered":"<div>El Instituto Mexicano del Seguro Social (IMSS) es un patrimonio de la naci\u00f3n que ha sobrevivido a intentos de privatizaci\u00f3n y pandemias, que sigue fuerte y es hoy m\u00e1s que nunca el gran referente de una instituci\u00f3n p\u00fablica que vela por los derechos de trabajadoras y trabajadores, los cuida en enfermedad y que en el momento de la vejez sea una etapa digna y saludable, afirm\u00f3 el director general del IMSS, Zo\u00e9 Robledo.<\/div>\n<div><\/div>\n<div>Durante la ceremonia inaugural de la Semana Nacional de la Seguridad Social 2025 en la C\u00e1mara de Diputados, en el auditorio Aurora Jim\u00e9nez de Palacios, el titular del Seguro Social destac\u00f3 que la Presidenta de M\u00e9xico, Claudia Sheinbaum Pardo, ha establecido como prioridad la construcci\u00f3n de una Sistema Nacional de Cuidados que impacte de manera positiva en el mundo laboral de las mujeres.<\/div>\n<div><\/div>\n<div>Resalt\u00f3 que el 30 de abril comenzar\u00e1 la construcci\u00f3n de los primeros Centros de Educaci\u00f3n y Cuidado Infantil (CECI) en Ciudad Ju\u00e1rez, Chihuahua, bajo un nuevo modelo de mayor eficiencia; \u201cpasaron 28 a\u00f1os en el que se fue disminuyendo el modelo de prestaci\u00f3n directa con el argumento habitual del neoliberalismo: el costo-beneficio y esta idea de que era m\u00e1s eficiente subrogar. Eso se acaba ahora con los CECI con trabajadores del Seguro Social como nunca debi\u00f3 haber dejado de ser\u201d.<\/div>\n<div><\/div>\n<div>Zo\u00e9 Robledo dijo que con la estrategia Entornos Laborales Seguros y Saludables (ELSSA) que el IMSS ha implementado con empleados y sindicatos permite prevenir accidentes, identificar riesgos psicosociales y atender la salud mental en entornos laborales, ya que el centro de trabajo debe ser un espacio para el cambio de actitudes, conductas y la medicina preventiva; el a\u00f1o pasado se presentaron 50 por ciento menos accidentes de trabajo en las empresas que tienen el distintivo ELSSA.<\/div>\n<div><\/div>\n<div>En otro tema, enfatiz\u00f3 el impulso del salario base de cotizaci\u00f3n -salario promedio de trabajadores que cotizan al IMSS- que de 2019 a la fecha pas\u00f3 de 352 pesos diarios a 619, debido al incremento del salario m\u00ednimo; las personas trabajadoras independientes suman casi 300 mil afiliados al Seguro Social adem\u00e1s de sus beneficiarios, lo cual implica al Instituto un importante crecimiento de su capacidad instalada y en el seguro de enfermedades y maternidad.<\/div>\n<div><\/div>\n<div>Indic\u00f3 que la pensi\u00f3n universal no contributiva para adultos mayores permite que en los \u00faltimos a\u00f1os de su vida la poblaci\u00f3n cuente con un ingreso m\u00ednimo indispensable; adem\u00e1s, la reforma de 2020 permiti\u00f3 la disminuci\u00f3n en las comisiones que cobran las Afores y que a la fecha m\u00e1s de tres mil personas que se han jubilado reciban un complemento del Fondo de Pensiones para el Bienestar.<\/div>\n<div><\/div>\n<div>El director general del IMSS subray\u00f3 que por instrucci\u00f3n de la Presidenta Claudia Sheinbaum se trabaja en un modelo de salud con enfoque preventivo desde la columna vertebral del sistema de salud, el Primer Nivel de atenci\u00f3n, por ello contin\u00faa la contrataci\u00f3n de m\u00e9dicas y m\u00e9dicos para resolver el mayor n\u00famero de padecimientos; en este sentido, resalt\u00f3 el esfuerzo conjunto con la Secretar\u00eda de Educaci\u00f3n P\u00fablica (SEP) en la implementaci\u00f3n de la Estrategia Nacional Vive Saludable, Vive Feliz.<\/div>\n<div><\/div>\n<div>El titular del Seguro Social destac\u00f3 que como parte de las acciones para recibir a los connacionales provenientes de Estados Unidos, a la fecha cerca de mil 800 repatriados fueron incorporados al IMSS por tres meses, lo que les permiti\u00f3 reincorporarse a la vida laboral y contar con una prestaci\u00f3n estable.<\/div>\n<div><\/div>\n<div>\u201cNos sentimos muy orgullosos y con mucho \u00e1nimo de que en esta Semana de la Seguridad Social se puedan revisar tanto los temas de la agenda actual, pero tambi\u00e9n los primeros resultados que se observan de reformas que ya se han llevado a cabo en estos \u00faltimos a\u00f1os\u201d, apunt\u00f3.<\/div>\n<div><\/div>\n<div>Durante el evento, asistieron el presidente de la Junta de Coordinaci\u00f3n Pol\u00edtica de la C\u00e1mara de Diputados, Ricardo Monreal \u00c1vila; el presidente de la Comisi\u00f3n de Seguridad Social de la C\u00e1mara de Diputados, Arturo Olivares Cerda; el director general del Instituto de Seguridad y Servicios Sociales de los Trabajadores del Estado (Issste), Mart\u00ed Batres Guadarrama; el senador Alfonso Cepeda Salas, presidente de la Comisi\u00f3n de Seguridad Social del Senado de la Rep\u00fablica y el secretario general del Sindicato Nacional de Trabajadores del Seguro Social (SNTSS), Rafael Olivos Hern\u00e1ndez, entre otras autoridades.<\/div>\n","protected":false},"excerpt":{"rendered":"<p>El Instituto Mexicano del Seguro Social (IMSS) es un patrimonio de la naci\u00f3n que ha sobrevivido a intentos de privatizaci\u00f3n y pandemias, que sigue fuerte y es hoy m\u00e1s que nunca el gran referente de una instituci\u00f3n p\u00fablica que vela por los derechos de trabajadoras y trabajadores, los cuida en enfermedad y que en el [&hellip;]<\/p>\n","protected":false},"author":2,"featured_media":216416,"comment_status":"closed","ping_status":"closed","sticky":false,"template":"","format":"standard","meta":{"footnotes":""},"categories":[12870,172],"tags":[12865,12874],"class_list":["post-216407","post","type-post","status-publish","format-standard","has-post-thumbnail","hentry","category-destacadas","category-nacional","tag-destacadas","tag-nacional"],"jetpack_featured_media_url":"https:\/\/rnoticias.com.mx\/Portal\/wp-content\/uploads\/2025\/04\/El-IMSS-es-referente-de-una-institucion-publica-que-vela-por-los-derechos-de-las-y-los-trabajadores.jpeg","amp_enabled":true,"_links":{"self":[{"href":"https:\/\/rnoticias.com.mx\/Portal\/wp-json\/wp\/v2\/posts\/216407","targetHints":{"allow":["GET"]}}],"collection":[{"href":"https:\/\/rnoticias.com.mx\/Portal\/wp-json\/wp\/v2\/posts"}],"about":[{"href":"https:\/\/rnoticias.com.mx\/Portal\/wp-json\/wp\/v2\/types\/post"}],"author":[{"embeddable":true,"href":"https:\/\/rnoticias.com.mx\/Portal\/wp-json\/wp\/v2\/users\/2"}],"replies":[{"embeddable":true,"href":"https:\/\/rnoticias.com.mx\/Portal\/wp-json\/wp\/v2\/comments?post=216407"}],"version-history":[{"count":1,"href":"https:\/\/rnoticias.com.mx\/Portal\/wp-json\/wp\/v2\/posts\/216407\/revisions"}],"predecessor-version":[{"id":216417,"href":"https:\/\/rnoticias.com.mx\/Portal\/wp-json\/wp\/v2\/posts\/216407\/revisions\/216417"}],"wp:featuredmedia":[{"embeddable":true,"href":"https:\/\/rnoticias.com.mx\/Portal\/wp-json\/wp\/v2\/media\/216416"}],"wp:attachment":[{"href":"https:\/\/rnoticias.com.mx\/Portal\/wp-json\/wp\/v2\/media?parent=216407"}],"wp:term":[{"taxonomy":"category","embeddable":true,"href":"https:\/\/rnoticias.com.mx\/Portal\/wp-json\/wp\/v2\/categories?post=216407"},{"taxonomy":"post_tag","embeddable":true,"href":"https:\/\/rnoticias.com.mx\/Portal\/wp-json\/wp\/v2\/tags?post=216407"}],"curies":[{"name":"wp","href":"https:\/\/api.w.org\/{rel}","templated":true}]}}