{"id":216393,"date":"2025-04-28T18:17:35","date_gmt":"2025-04-28T18:17:35","guid":{"rendered":"https:\/\/rnoticias.com.mx\/Portal\/?p=216393"},"modified":"2025-04-28T18:17:35","modified_gmt":"2025-04-28T18:17:35","slug":"ordena-ine-retirar-publicaciones-en-red-social-facebook-a-favor-de-una-candidatura-del-poder-judicial-de-la-federacion","status":"publish","type":"post","link":"https:\/\/rnoticias.com.mx\/Portal\/2025\/04\/28\/ordena-ine-retirar-publicaciones-en-red-social-facebook-a-favor-de-una-candidatura-del-poder-judicial-de-la-federacion\/","title":{"rendered":"Ordena INE retirar publicaciones en red social Facebook a favor de una candidatura del Poder Judicial de la Federaci\u00f3n"},"content":{"rendered":"<p class=\"x_MsoNormal\"><span data-olk-copy-source=\"MessageBody\">La Comisi\u00f3n de Quejas y Denuncias del Instituto Nacional Electoral (INE) resolvi\u00f3 tres medidas cautelares, dos en contra de las publicaciones realizadas en los perfiles de la red social Facebook, identificados como\u00a0<i>Justicia sin Barreras<\/i>\u00a0y\u00a0<i>Amigos de toro Burgos con la Ministra<\/i>, respectivamente, pues podr\u00edan configurar inequidad en la contienda, as\u00ed como la utilizaci\u00f3n de financiamiento privado, y una tercera, en contra de un candidato a Magistrado del Tribunal Colegiado de apelaci\u00f3n en las materias civil y administrativa, especializado en competencia econ\u00f3mica, radiodifusi\u00f3n y telecomunicaciones del circuito judicial I, sobre una presunta participaci\u00f3n conjunta en actividades proselitistas, a decir de la denunciante, sin tener vinculaci\u00f3n alguna con el denunciado, as\u00ed como la supuesta vulneraci\u00f3n al inter\u00e9s superior de las personas menores de edad, en el marco del Proceso Electoral Extraordinario del Poder Judicial de la Federaci\u00f3n 2024-2025.<\/span><\/p>\n<p class=\"x_MsoNormal\">\n<p class=\"x_MsoNormal\">En cuanto a la queja referente a la denuncia de la presunta publicidad pagada en favor de la candidata a Ministra de la Suprema Corte de Justicia de la Naci\u00f3n (SCJN), Yasm\u00edn Esquivel Mossa, el colegiado determin\u00f3 improcedente la adopci\u00f3n de medidas cautelares, ya que el perfil identificado como\u00a0<i>Justicia sin Barreras\u00a0<\/i>ha sido eliminado, por lo que se trata de hechos consumados.<\/p>\n<p class=\"x_MsoNormal\">\n<p class=\"x_MsoNormal\">Por cuanto hace a las publicaciones en favor de la candidata a Ministra de la SCJN, Ingrid de los \u00c1ngeles Tapia Guti\u00e9rrez, la Comisi\u00f3n determin\u00f3 procedente el dictado de las medidas cautelares, ya que, de manera preliminar, se advierte un pautado de la publicaci\u00f3n alusiva a la candidata, es decir, la contrataci\u00f3n de tiempo en medios digitales, lo cual incumple los par\u00e1metros establecidos en la normativa electoral.<\/p>\n<p class=\"x_MsoNormal\">\n<p class=\"x_MsoNormal\">Aunado a lo anterior, derivado del an\u00e1lisis previo al material denunciado, se constat\u00f3 que la figura central y preponderante es la candidata, y que las publicaciones se realizaron antes del periodo de campa\u00f1a. Por esta raz\u00f3n, se orden\u00f3 a Meta Platforms, Inc., retire el total de las publicaciones vinculadas a la candidatura de su plataforma conocida como Facebook.<\/p>\n<p class=\"x_MsoNormal\">\n<p class=\"x_MsoNormal\">Tambi\u00e9n se determin\u00f3 procedente la solicitud de medidas cautelares en su vertiente de tutela preventiva, pues del an\u00e1lisis concreto al perfil denunciado se identifican m\u00e1s de 24 publicaciones, las cuales han estado difundi\u00e9ndose del 10 de marzo al d\u00eda de hoy, 26 de abril de 2025, lo cual se considera, preliminarmente, una conducta reiterada, por lo que se solicita a la candidata beneficiada se abstenga de contratar, por interp\u00f3sita persona, los espacios de promoci\u00f3n y<\/p>\n<p class=\"x_MsoNormal\">\n<p class=\"x_MsoNormal\">potencializaci\u00f3n electr\u00f3nica a su favor dentro del periodo de campa\u00f1a que se encuentra en curso.<\/p>\n<p class=\"x_MsoNormal\">\n<p class=\"x_MsoNormal\">En ambos casos, sobre el uso indebido de recursos p\u00fablicos y privados, el colegiado determin\u00f3 que ser\u00e1 la Sala Superior del Tribunal Electoral del Poder Judicial de la Federaci\u00f3n (TEPJF), quien analizar\u00e1 el tema, ya que ata\u00f1e al fondo del asunto.<\/p>\n<p class=\"x_MsoNormal\">\n<p class=\"x_MsoNormal\">Finalmente, en la tercer queja, Lenia Batres Guadarrama, candidata a Ministra de la SCJN, denunci\u00f3 una publicaci\u00f3n en la red social Facebook, en la que, se\u00f1ala que se le vincula indebidamente con sus actividades proselitistas del denunciado, as\u00ed mismo por la vulneraci\u00f3n al inter\u00e9s superior de las ni\u00f1as, ni\u00f1os y adolescentes, con motivo de la supuesta inclusi\u00f3n de personas menores de edad, en una de las im\u00e1genes de la publicaci\u00f3n.<\/p>\n<p class=\"x_MsoNormal\">\n<p class=\"x_MsoNormal\">En este asunto, la Comisi\u00f3n de Quejas y Denuncias consider\u00f3 improcedente la adopci\u00f3n de medidas cautelares, ya que del material denunciado, el texto alusivo a la quejosa, as\u00ed como la imagen en la que se incluy\u00f3 a personas presuntamente menores de edad, fue modificado y\/o eliminado, por lo que se trata de hechos consumados.<\/p>\n","protected":false},"excerpt":{"rendered":"<p>La Comisi\u00f3n de Quejas y Denuncias del Instituto Nacional Electoral (INE) resolvi\u00f3 tres medidas cautelares, dos en contra de las publicaciones realizadas en los perfiles de la red social Facebook, identificados como\u00a0Justicia sin Barreras\u00a0y\u00a0Amigos de toro Burgos con la Ministra, respectivamente, pues podr\u00edan configurar inequidad en la contienda, as\u00ed como la utilizaci\u00f3n de financiamiento privado, [&hellip;]<\/p>\n","protected":false},"author":2,"featured_media":216394,"comment_status":"closed","ping_status":"closed","sticky":false,"template":"","format":"standard","meta":{"footnotes":""},"categories":[12870,172],"tags":[12865,12874],"class_list":["post-216393","post","type-post","status-publish","format-standard","has-post-thumbnail","hentry","category-destacadas","category-nacional","tag-destacadas","tag-nacional"],"jetpack_featured_media_url":"https:\/\/rnoticias.com.mx\/Portal\/wp-content\/uploads\/2025\/04\/sobre-ine-central-logo-560x370-300x198-1.jpg","amp_enabled":true,"_links":{"self":[{"href":"https:\/\/rnoticias.com.mx\/Portal\/wp-json\/wp\/v2\/posts\/216393","targetHints":{"allow":["GET"]}}],"collection":[{"href":"https:\/\/rnoticias.com.mx\/Portal\/wp-json\/wp\/v2\/posts"}],"about":[{"href":"https:\/\/rnoticias.com.mx\/Portal\/wp-json\/wp\/v2\/types\/post"}],"author":[{"embeddable":true,"href":"https:\/\/rnoticias.com.mx\/Portal\/wp-json\/wp\/v2\/users\/2"}],"replies":[{"embeddable":true,"href":"https:\/\/rnoticias.com.mx\/Portal\/wp-json\/wp\/v2\/comments?post=216393"}],"version-history":[{"count":1,"href":"https:\/\/rnoticias.com.mx\/Portal\/wp-json\/wp\/v2\/posts\/216393\/revisions"}],"predecessor-version":[{"id":216395,"href":"https:\/\/rnoticias.com.mx\/Portal\/wp-json\/wp\/v2\/posts\/216393\/revisions\/216395"}],"wp:featuredmedia":[{"embeddable":true,"href":"https:\/\/rnoticias.com.mx\/Portal\/wp-json\/wp\/v2\/media\/216394"}],"wp:attachment":[{"href":"https:\/\/rnoticias.com.mx\/Portal\/wp-json\/wp\/v2\/media?parent=216393"}],"wp:term":[{"taxonomy":"category","embeddable":true,"href":"https:\/\/rnoticias.com.mx\/Portal\/wp-json\/wp\/v2\/categories?post=216393"},{"taxonomy":"post_tag","embeddable":true,"href":"https:\/\/rnoticias.com.mx\/Portal\/wp-json\/wp\/v2\/tags?post=216393"}],"curies":[{"name":"wp","href":"https:\/\/api.w.org\/{rel}","templated":true}]}}