{"id":216366,"date":"2025-04-28T01:19:56","date_gmt":"2025-04-28T01:19:56","guid":{"rendered":"https:\/\/rnoticias.com.mx\/Portal\/?p=216366"},"modified":"2025-04-28T01:19:56","modified_gmt":"2025-04-28T01:19:56","slug":"gobernador-durazo-logra-record-historico-de-mas-de-550-postulaciones-de-artistas-para-faot-2026","status":"publish","type":"post","link":"https:\/\/rnoticias.com.mx\/Portal\/2025\/04\/28\/gobernador-durazo-logra-record-historico-de-mas-de-550-postulaciones-de-artistas-para-faot-2026\/","title":{"rendered":"Gobernador Durazo logra r\u00e9cord hist\u00f3rico de m\u00e1s de 550 postulaciones de artistas para FAOT 2026"},"content":{"rendered":"<p>Hermosillo, Sonora; 27 de abril de 2025.- El Festival Alfonso Ortiz Tirado (FAOT), consolidado como el foro art\u00edstico y cultural m\u00e1s importante del noroeste del pa\u00eds, se fortalece con el respaldo del gobernador Alfonso Durazo Monta\u00f1o, al lograr un registro r\u00e9cord en el cierre de la convocatoria para participar en la edici\u00f3n n\u00famero 41 en \u00c1lamos 2026, con 565 postulaciones, superando ampliamente la meta de este a\u00f1o de 450 y dejando atr\u00e1s las 349 recibidas en 2024.<\/p>\n<p>Esta respuesta refleja el creciente entusiasmo y compromiso de la comunidad art\u00edstica por formar parte de uno de los encuentros culturales que se ha convertido en un refugio de talento y creatividad. Tambi\u00e9n confirma los resultados de una pol\u00edtica cultural incluyente, plural y de profundo sentido comunitario, impulsada por la administraci\u00f3n del gobernador Durazo Monta\u00f1o.<\/p>\n<p>La convocatoria estuvo dirigida a personas mayores de edad, de nacionalidad mexicana o extranjeras con representaci\u00f3n legal en M\u00e9xico, abarcando modalidades que van desde presentaciones musicales y artes esc\u00e9nicas hasta talleres art\u00edsticos, exposiciones y expresiones culturales de los pueblos originarios, con especial \u00e9nfasis en propuestas para infancias y adolescencias.<\/p>\n<p>El cierre exitoso de este proceso representa un paso firme hacia la consolidaci\u00f3n de un FAOT que refleja la diversidad cultural de Sonora y de M\u00e9xico. El Instituto Sonorense de Cultura (ISC) agradeci\u00f3 el inter\u00e9s del gremio art\u00edstico y reconoci\u00f3 la visi\u00f3n del gobernador Alfonso Durazo de transformar este encuentro en un semillero de talento art\u00edstico en el estado.<\/p>\n<p>Los resultados de la convocatoria se dar\u00e1n a conocer en julio de 2025, a trav\u00e9s de las cuentas oficiales del Instituto Sonorense de Cultura. Las propuestas seleccionadas integrar\u00e1n una cartelera que continuar\u00e1 enalteciendo el esp\u00edritu del FAOT y posicionando a Sonora como un referente nacional en materia cultural.<\/p>\n","protected":false},"excerpt":{"rendered":"<p>Hermosillo, Sonora; 27 de abril de 2025.- El Festival Alfonso Ortiz Tirado (FAOT), consolidado como el foro art\u00edstico y cultural m\u00e1s importante del noroeste del pa\u00eds, se fortalece con el respaldo del gobernador Alfonso Durazo Monta\u00f1o, al lograr un registro r\u00e9cord en el cierre de la convocatoria para participar en la edici\u00f3n n\u00famero 41 en [&hellip;]<\/p>\n","protected":false},"author":2,"featured_media":216367,"comment_status":"closed","ping_status":"closed","sticky":false,"template":"","format":"standard","meta":{"footnotes":""},"categories":[12870,174],"tags":[12865,12873],"class_list":["post-216366","post","type-post","status-publish","format-standard","has-post-thumbnail","hentry","category-destacadas","category-estatal","tag-destacadas","tag-estatal"],"jetpack_featured_media_url":"https:\/\/rnoticias.com.mx\/Portal\/wp-content\/uploads\/2025\/04\/unnamed-118.jpg","amp_enabled":true,"_links":{"self":[{"href":"https:\/\/rnoticias.com.mx\/Portal\/wp-json\/wp\/v2\/posts\/216366","targetHints":{"allow":["GET"]}}],"collection":[{"href":"https:\/\/rnoticias.com.mx\/Portal\/wp-json\/wp\/v2\/posts"}],"about":[{"href":"https:\/\/rnoticias.com.mx\/Portal\/wp-json\/wp\/v2\/types\/post"}],"author":[{"embeddable":true,"href":"https:\/\/rnoticias.com.mx\/Portal\/wp-json\/wp\/v2\/users\/2"}],"replies":[{"embeddable":true,"href":"https:\/\/rnoticias.com.mx\/Portal\/wp-json\/wp\/v2\/comments?post=216366"}],"version-history":[{"count":1,"href":"https:\/\/rnoticias.com.mx\/Portal\/wp-json\/wp\/v2\/posts\/216366\/revisions"}],"predecessor-version":[{"id":216368,"href":"https:\/\/rnoticias.com.mx\/Portal\/wp-json\/wp\/v2\/posts\/216366\/revisions\/216368"}],"wp:featuredmedia":[{"embeddable":true,"href":"https:\/\/rnoticias.com.mx\/Portal\/wp-json\/wp\/v2\/media\/216367"}],"wp:attachment":[{"href":"https:\/\/rnoticias.com.mx\/Portal\/wp-json\/wp\/v2\/media?parent=216366"}],"wp:term":[{"taxonomy":"category","embeddable":true,"href":"https:\/\/rnoticias.com.mx\/Portal\/wp-json\/wp\/v2\/categories?post=216366"},{"taxonomy":"post_tag","embeddable":true,"href":"https:\/\/rnoticias.com.mx\/Portal\/wp-json\/wp\/v2\/tags?post=216366"}],"curies":[{"name":"wp","href":"https:\/\/api.w.org\/{rel}","templated":true}]}}