{"id":216360,"date":"2025-04-28T01:14:44","date_gmt":"2025-04-28T01:14:44","guid":{"rendered":"https:\/\/rnoticias.com.mx\/Portal\/?p=216360"},"modified":"2025-04-28T01:14:44","modified_gmt":"2025-04-28T01:14:44","slug":"sonora-brilla-con-su-cultura-sabor-y-tradicion-en-ventana-a-mexico-en-san-diego-california","status":"publish","type":"post","link":"https:\/\/rnoticias.com.mx\/Portal\/2025\/04\/28\/sonora-brilla-con-su-cultura-sabor-y-tradicion-en-ventana-a-mexico-en-san-diego-california\/","title":{"rendered":"Sonora brilla con su cultura, sabor y tradici\u00f3n en \u201cVentana a M\u00e9xico\u201d en San Diego, California"},"content":{"rendered":"<p>San Diego, California; 27 de abril de 2025.- El Gobierno de Sonora, a trav\u00e9s de la Secretar\u00eda de Econom\u00eda y Turismo (SETUR), participa de manera destacada en el evento \u201cVentana a M\u00e9xico\u201d, que se celebra los d\u00edas 26 y 27 de abril en Liberty Station, en la ciudad de San Diego, California, como parte de las actividades previas al Tianguis Tur\u00edstico Nacional 2025, que se llevar\u00e1 a cabo la pr\u00f3xima semana en Rosarito, Baja California.<\/p>\n<p>Durante este festival binacional, que re\u00fane a representantes de los 32 estados de la Rep\u00fablica Mexicana, Sonora promueve sus principales atractivos tur\u00edsticos y culturales a trav\u00e9s de una vibrante muestra de artesan\u00edas, gastronom\u00eda tradicional, expresiones art\u00edsticas y la esencia de sus pueblos originarios, con el objetivo de posicionar al estado como un destino tur\u00edstico aut\u00e9ntico, diverso y lleno de historia.<\/p>\n<p>El secretario de Econom\u00eda y Turismo de Sonora, Roberto Gradillas Pineda, coment\u00f3 que con esta presencia internacional, Sonora contin\u00faa su posicionamiento como un destino tur\u00edstico integral y competitivo, listo para recibir visitantes nacionales y extranjeros con la gran hospitalidad que caracteriza a todas y todos los sonorenses, garantizando experiencias memorables.<\/p>\n<p>\u201cNuestra participaci\u00f3n en \u2018Ventana a M\u00e9xico\u2019 es una muestra clara del compromiso del gobernador Alfonso Durazo con la promoci\u00f3n tur\u00edstica como motor de desarrollo econ\u00f3mico. Este tipo de eventos nos permite posicionar a Sonora ante un p\u00fablico internacional, fortalecer nuestras relaciones con la comunidad binacional y mostrar al mundo lo mejor de nuestra identidad\u201d, destac\u00f3 Gradillas Pineda.<\/p>\n<p>El evento es un espacio gratuito y familiar que permite compartir la esencia de M\u00e9xico con la comunidad latina y estadounidense del sur de California, consolidando lazos entre ambos territorios y reforzando la presencia tur\u00edstica de Sonora en el mercado internacional, principalmente en los estados de la Uni\u00f3n Americana que tienen cercan\u00eda con nuestros destinos.<\/p>\n","protected":false},"excerpt":{"rendered":"<p>San Diego, California; 27 de abril de 2025.- El Gobierno de Sonora, a trav\u00e9s de la Secretar\u00eda de Econom\u00eda y Turismo (SETUR), participa de manera destacada en el evento \u201cVentana a M\u00e9xico\u201d, que se celebra los d\u00edas 26 y 27 de abril en Liberty Station, en la ciudad de San Diego, California, como parte de [&hellip;]<\/p>\n","protected":false},"author":2,"featured_media":216361,"comment_status":"closed","ping_status":"closed","sticky":false,"template":"","format":"standard","meta":{"footnotes":""},"categories":[12870,178],"tags":[12865,12869],"class_list":["post-216360","post","type-post","status-publish","format-standard","has-post-thumbnail","hentry","category-destacadas","category-local","tag-destacadas","tag-local"],"jetpack_featured_media_url":"https:\/\/rnoticias.com.mx\/Portal\/wp-content\/uploads\/2025\/04\/unnamed-117.jpg","amp_enabled":true,"_links":{"self":[{"href":"https:\/\/rnoticias.com.mx\/Portal\/wp-json\/wp\/v2\/posts\/216360","targetHints":{"allow":["GET"]}}],"collection":[{"href":"https:\/\/rnoticias.com.mx\/Portal\/wp-json\/wp\/v2\/posts"}],"about":[{"href":"https:\/\/rnoticias.com.mx\/Portal\/wp-json\/wp\/v2\/types\/post"}],"author":[{"embeddable":true,"href":"https:\/\/rnoticias.com.mx\/Portal\/wp-json\/wp\/v2\/users\/2"}],"replies":[{"embeddable":true,"href":"https:\/\/rnoticias.com.mx\/Portal\/wp-json\/wp\/v2\/comments?post=216360"}],"version-history":[{"count":1,"href":"https:\/\/rnoticias.com.mx\/Portal\/wp-json\/wp\/v2\/posts\/216360\/revisions"}],"predecessor-version":[{"id":216362,"href":"https:\/\/rnoticias.com.mx\/Portal\/wp-json\/wp\/v2\/posts\/216360\/revisions\/216362"}],"wp:featuredmedia":[{"embeddable":true,"href":"https:\/\/rnoticias.com.mx\/Portal\/wp-json\/wp\/v2\/media\/216361"}],"wp:attachment":[{"href":"https:\/\/rnoticias.com.mx\/Portal\/wp-json\/wp\/v2\/media?parent=216360"}],"wp:term":[{"taxonomy":"category","embeddable":true,"href":"https:\/\/rnoticias.com.mx\/Portal\/wp-json\/wp\/v2\/categories?post=216360"},{"taxonomy":"post_tag","embeddable":true,"href":"https:\/\/rnoticias.com.mx\/Portal\/wp-json\/wp\/v2\/tags?post=216360"}],"curies":[{"name":"wp","href":"https:\/\/api.w.org\/{rel}","templated":true}]}}