{"id":216356,"date":"2025-04-27T00:10:19","date_gmt":"2025-04-27T00:10:19","guid":{"rendered":"https:\/\/rnoticias.com.mx\/Portal\/?p=216356"},"modified":"2025-04-27T00:10:19","modified_gmt":"2025-04-27T00:10:19","slug":"prohiben-musica-que-haga-apologia-a-la-violencia-en-la-feria-de-leon","status":"publish","type":"post","link":"https:\/\/rnoticias.com.mx\/Portal\/2025\/04\/27\/prohiben-musica-que-haga-apologia-a-la-violencia-en-la-feria-de-leon\/","title":{"rendered":"Proh\u00edben m\u00fasica que haga apolog\u00eda a la violencia en la Feria de Le\u00f3n"},"content":{"rendered":"<p>Pese a que la ley local no proh\u00edbe ni sanciona la interpretaci\u00f3n de corridos b\u00e9licos o que glorifican la mafia, drogas y armas,<strong>\u00a0el director de la Feria estatal de Le\u00f3n, Alonso Lim\u00f3n Rode, anunci\u00f3 que no se permitir\u00e1 la interpretaci\u00f3n de m\u00fasica que haga apolog\u00eda a la violencia.\u00a0<\/strong><\/p>\n<p>En consecuencia, asegur\u00f3 que no contratar\u00e1n artistas del g\u00e9nero b\u00e9lico para los espect\u00e1culos p\u00fablicos.<\/p>\n<p><strong>La determinaci\u00f3n del Patronato de la Feria se dio a conocer en medio de la pol\u00e9mica nacional por la m\u00fasica que enaltece hechos delictivos<\/strong>\u00a0y de las reformas a los c\u00f3digos penales que tipifican la apolog\u00eda del delito, entre ellos Aguascalientes y Michoac\u00e1n.<\/p>\n<p>El Comit\u00e9 Organizador de la Feria trabaja desde ahora en la programaci\u00f3n de espect\u00e1culos de entretenimiento que ofrecer\u00e1 en la velar\u00eda en la Feria de enero de 2026.<\/p>\n<p><strong>Destac\u00f3 la l\u00ednea que se ha asumido de preservar un ambiente seguro, sano y familiar.<\/strong>\u00a0Dijo que esta es una feria con valores familiares.<\/p>\n<p>En consecuencia, sostuvo que no se dar\u00e1 acceso a los artistas y tampoco a los espect\u00e1culos que enaltezcan al crimen organizado, hagan apolog\u00eda del delito ni que promuevan la violencia.<\/p>\n<p>Acept\u00f3 que pese a que artistas que cantan y tocan ese tipo de m\u00fasica llegan a tener una gran aceptaci\u00f3n o demanda del p\u00fablico,\u00a0<strong>es firme la determinaci\u00f3n de evitar sus presentaciones en la feria de los leoneses.<\/strong><\/p>\n<div class=\"div-pos-7\"><\/div>\n<p><strong>En la feria de 2024 se registraron 6 millones 700 mil visitantes, report\u00f3 el patronato del evento.<\/strong><\/p>\n","protected":false},"excerpt":{"rendered":"<p>Pese a que la ley local no proh\u00edbe ni sanciona la interpretaci\u00f3n de corridos b\u00e9licos o que glorifican la mafia, drogas y armas,\u00a0el director de la Feria estatal de Le\u00f3n, Alonso Lim\u00f3n Rode, anunci\u00f3 que no se permitir\u00e1 la interpretaci\u00f3n de m\u00fasica que haga apolog\u00eda a la violencia.\u00a0 En consecuencia, asegur\u00f3 que no contratar\u00e1n artistas [&hellip;]<\/p>\n","protected":false},"author":2,"featured_media":216357,"comment_status":"closed","ping_status":"closed","sticky":false,"template":"","format":"standard","meta":{"footnotes":""},"categories":[12870,172],"tags":[12865,12874],"class_list":["post-216356","post","type-post","status-publish","format-standard","has-post-thumbnail","hentry","category-destacadas","category-nacional","tag-destacadas","tag-nacional"],"jetpack_featured_media_url":"https:\/\/rnoticias.com.mx\/Portal\/wp-content\/uploads\/2025\/04\/EOqXGCjXsAInI5C.webp","amp_enabled":true,"_links":{"self":[{"href":"https:\/\/rnoticias.com.mx\/Portal\/wp-json\/wp\/v2\/posts\/216356","targetHints":{"allow":["GET"]}}],"collection":[{"href":"https:\/\/rnoticias.com.mx\/Portal\/wp-json\/wp\/v2\/posts"}],"about":[{"href":"https:\/\/rnoticias.com.mx\/Portal\/wp-json\/wp\/v2\/types\/post"}],"author":[{"embeddable":true,"href":"https:\/\/rnoticias.com.mx\/Portal\/wp-json\/wp\/v2\/users\/2"}],"replies":[{"embeddable":true,"href":"https:\/\/rnoticias.com.mx\/Portal\/wp-json\/wp\/v2\/comments?post=216356"}],"version-history":[{"count":1,"href":"https:\/\/rnoticias.com.mx\/Portal\/wp-json\/wp\/v2\/posts\/216356\/revisions"}],"predecessor-version":[{"id":216358,"href":"https:\/\/rnoticias.com.mx\/Portal\/wp-json\/wp\/v2\/posts\/216356\/revisions\/216358"}],"wp:featuredmedia":[{"embeddable":true,"href":"https:\/\/rnoticias.com.mx\/Portal\/wp-json\/wp\/v2\/media\/216357"}],"wp:attachment":[{"href":"https:\/\/rnoticias.com.mx\/Portal\/wp-json\/wp\/v2\/media?parent=216356"}],"wp:term":[{"taxonomy":"category","embeddable":true,"href":"https:\/\/rnoticias.com.mx\/Portal\/wp-json\/wp\/v2\/categories?post=216356"},{"taxonomy":"post_tag","embeddable":true,"href":"https:\/\/rnoticias.com.mx\/Portal\/wp-json\/wp\/v2\/tags?post=216356"}],"curies":[{"name":"wp","href":"https:\/\/api.w.org\/{rel}","templated":true}]}}