{"id":216344,"date":"2025-04-26T23:52:09","date_gmt":"2025-04-26T23:52:09","guid":{"rendered":"https:\/\/rnoticias.com.mx\/Portal\/?p=216344"},"modified":"2025-04-26T23:52:09","modified_gmt":"2025-04-26T23:52:09","slug":"pique-y-clara-chia-son-vistos-juntos-despues-de-especulaciones-de-su-separacion","status":"publish","type":"post","link":"https:\/\/rnoticias.com.mx\/Portal\/2025\/04\/26\/pique-y-clara-chia-son-vistos-juntos-despues-de-especulaciones-de-su-separacion\/","title":{"rendered":"Piqu\u00e9 y Clara Ch\u00eda son vistos juntos despu\u00e9s de especulaciones de su separaci\u00f3n"},"content":{"rendered":"<p>Desde el 24 de abril, medios espa\u00f1oles comenzaron a difundir<mark>\u00a0rumores sobre una posible ruptura entre Gerard Piqu\u00e9 y Clara Ch\u00eda.<\/mark>\u00a0La informaci\u00f3n r\u00e1pidamente se volvi\u00f3 tendencia en redes sociales, donde usuarios no tardaron en reaccionar con todo tipo de comentarios, muchos de ellos celebrando la supuesta separaci\u00f3n. Frases como<strong>\u00a0\u201clo que mal empieza, mal acaba\u201d, \u201cShakira tiene la \u00faltima palabra\u201d y \u201cel karma no falla\u201d\u00a0<\/strong>dominaron las conversaciones digitales, reflejando que el drama entre los tres a\u00fan sigue muy presente en la memoria colectiva.<\/p>\n<p>Sin embargo, el gusto les dur\u00f3 poco a los haters. Los enamorados, que<strong>\u00a0llevan tres a\u00f1os juntos,\u00a0<\/strong><mark>reaparecieron p\u00fablicamente y echaron abajo las especulaciones,<\/mark>\u00a0dejando claro que su relaci\u00f3n sigue tan firme como siempre.<\/p>\n<p>El exfutbolista y su pareja\u00a0<strong>fueron captados entrando a un garaje en el centro de Barcelona.\u00a0<\/strong>Piqu\u00e9 iba al volante de un todoterreno negro, vestido con una cazadora de cuero oscura. En el asiento del copiloto, Clara Ch\u00eda luc\u00eda un abrigo negro, una camiseta blanca y unas gafas de sol, mientras esbozaba una ligera sonrisa.<\/p>\n<p>Fuentes cercanas a la pareja comentaron a una revista que\u00a0<strong>todo sigue igual entre ellos,<\/strong>\u00a0aunque reconocieron que est\u00e1n cansados de los rumores. Desde que Shakira inici\u00f3 su gira en febrero, medios europeos comenzaron a sugerir una crisis,<mark>\u00a0alimentada por los constantes viajes de Piqu\u00e9 a Miami\u00a0<\/mark>(donde vive la cantante), para cuidar a<strong>\u00a0Milan y Sasha, los hijos que tienen en com\u00fan.\u00a0<\/strong>Tambi\u00e9n han surgido versiones sobre supuestas terceras personas.<\/p>\n<p>Durante toda la relaci\u00f3n, Clara Ch\u00eda ha preferido mantenerse alejada de los reflectores,\u00a0<strong>viviendo su romance en privado.<\/strong>\u00a0Piqu\u00e9, en cambio, ha compartido en algunas ocasiones que se encuentra en una etapa estable a nivel personal.<\/p>\n<p>Hace apenas un mes, el exjugador del FC Barcelona\u00a0<strong>enfrent\u00f3 momentos delicados al comparecer ante un juzgado en Madrid<\/strong>. Est\u00e1\u00a0<mark>siendo investigado por su rol como comisionista en el acuerdo entre la Real Federaci\u00f3n Espa\u00f1ola de F\u00fatbol (RFEF) y la agencia saud\u00ed SELA, que llev\u00f3 la Supercopa de Espa\u00f1a a Arabia Saud\u00ed.<\/mark>\u00a0Las im\u00e1genes de\u00a0<strong>Piqu\u00e9 llorando durante el juicio<\/strong>\u00a0se viralizaron, y muchos en redes sociales lo compararon con el \u00e9xito actual de su ex, quien se encuentra de gira con<strong>\u00a0\u201cLas Mujeres Ya No Lloran Tour\u201d.<\/strong><\/p>\n","protected":false},"excerpt":{"rendered":"<p>Desde el 24 de abril, medios espa\u00f1oles comenzaron a difundir\u00a0rumores sobre una posible ruptura entre Gerard Piqu\u00e9 y Clara Ch\u00eda.\u00a0La informaci\u00f3n r\u00e1pidamente se volvi\u00f3 tendencia en redes sociales, donde usuarios no tardaron en reaccionar con todo tipo de comentarios, muchos de ellos celebrando la supuesta separaci\u00f3n. Frases como\u00a0\u201clo que mal empieza, mal acaba\u201d, \u201cShakira tiene [&hellip;]<\/p>\n","protected":false},"author":2,"featured_media":216345,"comment_status":"closed","ping_status":"closed","sticky":false,"template":"","format":"standard","meta":{"footnotes":""},"categories":[12870,219],"tags":[12865,12875],"class_list":["post-216344","post","type-post","status-publish","format-standard","has-post-thumbnail","hentry","category-destacadas","category-espectaculos","tag-destacadas","tag-espectaculos"],"jetpack_featured_media_url":"https:\/\/rnoticias.com.mx\/Portal\/wp-content\/uploads\/2025\/04\/gerard-pique-i-clara-chia-de-viatge-romantic-a-malaga-europa-press.jpeg","amp_enabled":true,"_links":{"self":[{"href":"https:\/\/rnoticias.com.mx\/Portal\/wp-json\/wp\/v2\/posts\/216344","targetHints":{"allow":["GET"]}}],"collection":[{"href":"https:\/\/rnoticias.com.mx\/Portal\/wp-json\/wp\/v2\/posts"}],"about":[{"href":"https:\/\/rnoticias.com.mx\/Portal\/wp-json\/wp\/v2\/types\/post"}],"author":[{"embeddable":true,"href":"https:\/\/rnoticias.com.mx\/Portal\/wp-json\/wp\/v2\/users\/2"}],"replies":[{"embeddable":true,"href":"https:\/\/rnoticias.com.mx\/Portal\/wp-json\/wp\/v2\/comments?post=216344"}],"version-history":[{"count":1,"href":"https:\/\/rnoticias.com.mx\/Portal\/wp-json\/wp\/v2\/posts\/216344\/revisions"}],"predecessor-version":[{"id":216346,"href":"https:\/\/rnoticias.com.mx\/Portal\/wp-json\/wp\/v2\/posts\/216344\/revisions\/216346"}],"wp:featuredmedia":[{"embeddable":true,"href":"https:\/\/rnoticias.com.mx\/Portal\/wp-json\/wp\/v2\/media\/216345"}],"wp:attachment":[{"href":"https:\/\/rnoticias.com.mx\/Portal\/wp-json\/wp\/v2\/media?parent=216344"}],"wp:term":[{"taxonomy":"category","embeddable":true,"href":"https:\/\/rnoticias.com.mx\/Portal\/wp-json\/wp\/v2\/categories?post=216344"},{"taxonomy":"post_tag","embeddable":true,"href":"https:\/\/rnoticias.com.mx\/Portal\/wp-json\/wp\/v2\/tags?post=216344"}],"curies":[{"name":"wp","href":"https:\/\/api.w.org\/{rel}","templated":true}]}}