{"id":216338,"date":"2025-04-26T23:48:56","date_gmt":"2025-04-26T23:48:56","guid":{"rendered":"https:\/\/rnoticias.com.mx\/Portal\/?p=216338"},"modified":"2025-04-26T23:48:56","modified_gmt":"2025-04-26T23:48:56","slug":"shakira-confirma-a-alejandro-sanz-como-invitado-en-el-arranque-de-su-gira-en-ee-uu","status":"publish","type":"post","link":"https:\/\/rnoticias.com.mx\/Portal\/2025\/04\/26\/shakira-confirma-a-alejandro-sanz-como-invitado-en-el-arranque-de-su-gira-en-ee-uu\/","title":{"rendered":"Shakira confirma a Alejandro Sanz como invitado en el arranque de su gira en EE.UU."},"content":{"rendered":"<p><strong>Shakira\u00a0<\/strong>arrancar\u00e1 su gira por\u00a0<mark>Estados Unidos y Canad\u00e1 el pr\u00f3ximo 13 de mayo en Charlotte, Carolina del Norte,<\/mark>\u00a0y lo har\u00e1 acompa\u00f1ada de un invitado muy especial:\u00a0<strong>Alejandro Sanz.<\/strong>\u00a0La cantante colombiana confirm\u00f3 la noticia este viernes a trav\u00e9s de una historia en Instagram, donde revel\u00f3 que interpretar\u00e1n juntos el emblem\u00e1tico tema\u00a0<strong>&#8220;La tortura&#8221;, lanzado en 2005.<\/strong><\/p>\n<p><strong>\u201cVoy a tener a varios de mis amigos y colegas acompa\u00f1\u00e1ndome. A que no adivinan qui\u00e9n va a estar d\u00e1ndome suerte en mi primer concierto en Charlotte: Alejandro Sanz\u201d, dijo la artista.<\/strong> Luego a\u00f1adi\u00f3 que quienes quieran verlos cantar en vivo deber\u00e1n asistir a este primer concierto, y agradeci\u00f3 al m\u00fasico espa\u00f1ol por su presencia.<\/p>\n<p>Por su parte, Sanz respondi\u00f3 con entusiasmo:\u00a0<strong>\u201cNo sabes las ganas que tengo de subirme a un escenario contigo y disfrutar, as\u00ed que nos vemos en Charlotte, adem\u00e1s tu primer concierto en la gira de Estados Unidos, qu\u00e9 m\u00e1s puedo pedir\u201d.<\/strong><\/p>\n<p>La gira\u00a0<strong>&#8220;Las mujeres ya no lloran world tour&#8221;<\/strong>\u00a0incluye 23 fechas en Estados Unidos y Canad\u00e1 entre mayo y junio, recorrer\u00e1 ciudades como<strong>\u00a0Miami, Nueva York, Houston y San Francisco,<\/strong>\u00a0y continuar\u00e1 en Am\u00e9rica Latina a partir de agosto, con presentaciones en\u00a0<strong>varias ciudades de M\u00e9xico<\/strong>\u00a0y dos fechas ya confirmadas\u00a0<strong>en Lima, Per\u00fa,<\/strong>\u00a0para noviembre.<\/p>\n<p><i><strong>Con informaci\u00f3n de EFE.\u00a0<\/strong><\/i><\/p>\n","protected":false},"excerpt":{"rendered":"<p>Shakira\u00a0arrancar\u00e1 su gira por\u00a0Estados Unidos y Canad\u00e1 el pr\u00f3ximo 13 de mayo en Charlotte, Carolina del Norte,\u00a0y lo har\u00e1 acompa\u00f1ada de un invitado muy especial:\u00a0Alejandro Sanz.\u00a0La cantante colombiana confirm\u00f3 la noticia este viernes a trav\u00e9s de una historia en Instagram, donde revel\u00f3 que interpretar\u00e1n juntos el emblem\u00e1tico tema\u00a0&#8220;La tortura&#8221;, lanzado en 2005. \u201cVoy a tener [&hellip;]<\/p>\n","protected":false},"author":2,"featured_media":216339,"comment_status":"closed","ping_status":"closed","sticky":false,"template":"","format":"standard","meta":{"footnotes":""},"categories":[12870,219],"tags":[12865,12875],"class_list":["post-216338","post","type-post","status-publish","format-standard","has-post-thumbnail","hentry","category-destacadas","category-espectaculos","tag-destacadas","tag-espectaculos"],"jetpack_featured_media_url":"https:\/\/rnoticias.com.mx\/Portal\/wp-content\/uploads\/2025\/04\/tor-1024x634-1.jpg","amp_enabled":true,"_links":{"self":[{"href":"https:\/\/rnoticias.com.mx\/Portal\/wp-json\/wp\/v2\/posts\/216338","targetHints":{"allow":["GET"]}}],"collection":[{"href":"https:\/\/rnoticias.com.mx\/Portal\/wp-json\/wp\/v2\/posts"}],"about":[{"href":"https:\/\/rnoticias.com.mx\/Portal\/wp-json\/wp\/v2\/types\/post"}],"author":[{"embeddable":true,"href":"https:\/\/rnoticias.com.mx\/Portal\/wp-json\/wp\/v2\/users\/2"}],"replies":[{"embeddable":true,"href":"https:\/\/rnoticias.com.mx\/Portal\/wp-json\/wp\/v2\/comments?post=216338"}],"version-history":[{"count":1,"href":"https:\/\/rnoticias.com.mx\/Portal\/wp-json\/wp\/v2\/posts\/216338\/revisions"}],"predecessor-version":[{"id":216340,"href":"https:\/\/rnoticias.com.mx\/Portal\/wp-json\/wp\/v2\/posts\/216338\/revisions\/216340"}],"wp:featuredmedia":[{"embeddable":true,"href":"https:\/\/rnoticias.com.mx\/Portal\/wp-json\/wp\/v2\/media\/216339"}],"wp:attachment":[{"href":"https:\/\/rnoticias.com.mx\/Portal\/wp-json\/wp\/v2\/media?parent=216338"}],"wp:term":[{"taxonomy":"category","embeddable":true,"href":"https:\/\/rnoticias.com.mx\/Portal\/wp-json\/wp\/v2\/categories?post=216338"},{"taxonomy":"post_tag","embeddable":true,"href":"https:\/\/rnoticias.com.mx\/Portal\/wp-json\/wp\/v2\/tags?post=216338"}],"curies":[{"name":"wp","href":"https:\/\/api.w.org\/{rel}","templated":true}]}}