{"id":216323,"date":"2025-04-26T21:22:35","date_gmt":"2025-04-26T21:22:35","guid":{"rendered":"https:\/\/rnoticias.com.mx\/Portal\/?p=216323"},"modified":"2025-04-26T21:22:35","modified_gmt":"2025-04-26T21:22:35","slug":"inicia-gobierno-de-sonora-con-la-primera-semana-nacional-de-vacunacion-2025","status":"publish","type":"post","link":"https:\/\/rnoticias.com.mx\/Portal\/2025\/04\/26\/inicia-gobierno-de-sonora-con-la-primera-semana-nacional-de-vacunacion-2025\/","title":{"rendered":"Inicia Gobierno de Sonora con la Primera Semana Nacional de Vacunaci\u00f3n 2025"},"content":{"rendered":"<p>Hermosillo, Sonora; 26 de abril de 2025.- El Gobierno de Sonora, a trav\u00e9s de la Secretar\u00eda de Salud P\u00fablica\u00a0(SSP), inici\u00f3 la Primera Semana Nacional de Vacunaci\u00f3n 2025, del 26 de abril al 3 de mayo, como parte de las acciones prioritarias del Programa de Vacunaci\u00f3n Universal (PVU).<\/p>\n<p>Esta estrategia tiene el objetivo de alcanzar coberturas m\u00ednimas del 90 por ciento en esquemas completos y del 95 por ciento por tipo de biol\u00f3gico, por municipio e instituci\u00f3n.<\/p>\n<p>Las actividades de vacunaci\u00f3n se implementar\u00e1n en coordinaci\u00f3n con el Consejo Estatal de Vacunaci\u00f3n, \u00f3rgano colegiado encabezado por esta Secretar\u00eda de Salud P\u00fablica, donde confluyen representantes de las instituciones del sector salud que operan el programa.<\/p>\n<p>De acuerdo con la SSP, se instalar\u00e1n puntos fijos en las unidades de salud de las instituciones de salud, as\u00ed como puntos semifijos y extramuros de vacunaci\u00f3n en lugares de alta afluencia en los 72 municipios del estado de Sonora, donde se estar\u00e1n aplicando 14 biol\u00f3gicos del esquema b\u00e1sico de vacunaci\u00f3n.<\/p>\n<p>Los grupos blancos a vacunar son: menores de 1 a\u00f1o, ni\u00f1as y ni\u00f1os de 1 a 2 a\u00f1os, ni\u00f1as y ni\u00f1os de 4 a 9 a\u00f1os, adolescentes de 10 a 19 a\u00f1os, adultos de 20 a 59 a\u00f1os, adultos mayores de 60 a\u00f1os y m\u00e1s, y embarazadas.<\/p>\n<p>Es importante mencionar que las vacunas protegen de la gravedad de los s\u00edntomas y los riesgos de una hospitalizaci\u00f3n en caso de contraer una enfermedad.<\/p>\n<p>Por \u00faltimo, la SSP invit\u00f3 a la poblaci\u00f3n a aprovechar esta semana de acciones de vacunaci\u00f3n intensiva y a llevar la Cartilla Nacional de Salud, que es un instrumento indispensable para el registro de acciones de vacunaci\u00f3n, acciones preventivas y seguimiento de padecimientos.<\/p>\n","protected":false},"excerpt":{"rendered":"<p>Hermosillo, Sonora; 26 de abril de 2025.- El Gobierno de Sonora, a trav\u00e9s de la Secretar\u00eda de Salud P\u00fablica\u00a0(SSP), inici\u00f3 la Primera Semana Nacional de Vacunaci\u00f3n 2025, del 26 de abril al 3 de mayo, como parte de las acciones prioritarias del Programa de Vacunaci\u00f3n Universal (PVU). Esta estrategia tiene el objetivo de alcanzar coberturas [&hellip;]<\/p>\n","protected":false},"author":2,"featured_media":216324,"comment_status":"closed","ping_status":"closed","sticky":false,"template":"","format":"standard","meta":{"footnotes":""},"categories":[12870,178],"tags":[12865,12869],"class_list":["post-216323","post","type-post","status-publish","format-standard","has-post-thumbnail","hentry","category-destacadas","category-local","tag-destacadas","tag-local"],"jetpack_featured_media_url":"https:\/\/rnoticias.com.mx\/Portal\/wp-content\/uploads\/2025\/04\/4144B5D5-E270-45EE-ABF0-2DDC3C9EF1A1-696x346-1.jpeg","amp_enabled":true,"_links":{"self":[{"href":"https:\/\/rnoticias.com.mx\/Portal\/wp-json\/wp\/v2\/posts\/216323","targetHints":{"allow":["GET"]}}],"collection":[{"href":"https:\/\/rnoticias.com.mx\/Portal\/wp-json\/wp\/v2\/posts"}],"about":[{"href":"https:\/\/rnoticias.com.mx\/Portal\/wp-json\/wp\/v2\/types\/post"}],"author":[{"embeddable":true,"href":"https:\/\/rnoticias.com.mx\/Portal\/wp-json\/wp\/v2\/users\/2"}],"replies":[{"embeddable":true,"href":"https:\/\/rnoticias.com.mx\/Portal\/wp-json\/wp\/v2\/comments?post=216323"}],"version-history":[{"count":1,"href":"https:\/\/rnoticias.com.mx\/Portal\/wp-json\/wp\/v2\/posts\/216323\/revisions"}],"predecessor-version":[{"id":216325,"href":"https:\/\/rnoticias.com.mx\/Portal\/wp-json\/wp\/v2\/posts\/216323\/revisions\/216325"}],"wp:featuredmedia":[{"embeddable":true,"href":"https:\/\/rnoticias.com.mx\/Portal\/wp-json\/wp\/v2\/media\/216324"}],"wp:attachment":[{"href":"https:\/\/rnoticias.com.mx\/Portal\/wp-json\/wp\/v2\/media?parent=216323"}],"wp:term":[{"taxonomy":"category","embeddable":true,"href":"https:\/\/rnoticias.com.mx\/Portal\/wp-json\/wp\/v2\/categories?post=216323"},{"taxonomy":"post_tag","embeddable":true,"href":"https:\/\/rnoticias.com.mx\/Portal\/wp-json\/wp\/v2\/tags?post=216323"}],"curies":[{"name":"wp","href":"https:\/\/api.w.org\/{rel}","templated":true}]}}