{"id":216320,"date":"2025-04-26T21:18:54","date_gmt":"2025-04-26T21:18:54","guid":{"rendered":"https:\/\/rnoticias.com.mx\/Portal\/?p=216320"},"modified":"2025-04-26T21:18:54","modified_gmt":"2025-04-26T21:18:54","slug":"atletismo-sonorense-gana-17-preseas-en-jornada-cuatro-de-macro-regional","status":"publish","type":"post","link":"https:\/\/rnoticias.com.mx\/Portal\/2025\/04\/26\/atletismo-sonorense-gana-17-preseas-en-jornada-cuatro-de-macro-regional\/","title":{"rendered":"ATLETISMO SONORENSE GANA 17 PRESEAS EN JORNADA CUATRO DE MACRO REGIONAL"},"content":{"rendered":"<p class=\"x_gmail-MsoNoSpacing\"><span data-olk-copy-source=\"MessageBody\">Hermosillo, Sonora, 26 de abril del 2025.- Una impresionante actuaci\u00f3n fragu\u00f3 la delegaci\u00f3n sonorense en la cuarta jornada de acciones del Macro Regional de Atletismo, ya que conquist\u00f3 17 medallas (8 oros, 3 platas y 6 bronces), para, adem\u00e1s, capturar el mismo n\u00famero de plazas rumbo a la Olimpiada Nacional.<\/span><\/p>\n<p class=\"x_gmail-MsoNoSpacing\">\n<p class=\"x_gmail-MsoNoSpacing\">El poder\u00edo sonorense se dej\u00f3 sentir en las competencias celebradas la tarde noche del viernes en Ciudad Victoria, Tamaulipas, pues los atletas sonorenses, en base a su velocidad, ganaron cuatro metales dorados, incluyendo los dos cetros en los 400 metros planos Sub 23 con Rafael Buelna (47:28) y Nicole Armenta (56:55).<\/p>\n<p class=\"x_gmail-MsoNoSpacing\">\n<p class=\"x_gmail-MsoNoSpacing\">Asimismo, en la prueba \u201creina del atletismo\u201d, los 100 metros planos, Alejandra Ur\u00edas le entreg\u00f3 el metal \u00e1ureo a Sonora en la categor\u00eda Sub 20, con un tiempo de 11:77, por si fuera poco, ella cerr\u00f3 la carrera del equipo de relevos 4X100 femenil (registraron 46:88), para conquistar otro oro al lado de Daniela Flores, Jennifer L\u00f3pez y Monserrat Camarena.<\/p>\n<p class=\"x_gmail-MsoNoSpacing\">\n<p class=\"x_gmail-MsoNoSpacing\">En lanzamientos hubo dos oros m\u00e1s, destacando el del seleccionado nacional y medallista internacional, Jos\u00e9 Eduardo Ch\u00e1vez, quien de nuevo refrend\u00f3 su calidad al llevarse el sitio de honor en martillo Sub 23, mediante un disparo de 60.50 metros; el otro primer lugar lo logr\u00f3 Luc\u00eda Rene\u00e9 Duarte en jabalina Sub 20 (41.94).<\/p>\n<p class=\"x_gmail-MsoNoSpacing\">\n<p class=\"x_gmail-MsoNoSpacing\">A su vez, Sara Ram\u00edrez tambi\u00e9n cumpli\u00f3 una jornada de dos medallas en la categor\u00eda Sub 20: oro en salto de altura (1.64) y bronce en jabalina (35.99); el otro metal del color m\u00e1s preciado correspondi\u00f3 a Valeria Uribe (triple Sub 23 con 13.16).<\/p>\n<p class=\"x_gmail-MsoNoSpacing\">\n<p class=\"x_gmail-MsoNoSpacing\">Las tres platas fueron de Sandra Paola N\u00fa\u00f1ez (martillo Sub 23 con 44.19), Luis Fernanda Morales (400 metros Sub 23 con 57:10) y para la cuarteta de relevos 4X100 Sub 23 femenil (48:44), en donde estuvieron Carla Fuentes, Jennifer Hern\u00e1ndez, Mariana Monjar\u00e1s y Kristelle Cedano.<\/p>\n<p class=\"x_gmail-MsoNoSpacing\">\n<p class=\"x_gmail-MsoNoSpacing\">En tanto que los cinco bronces restantes los obtuvieron: Daniela Flores (100 metros Sub 20 con 12:15), Pablo Iv\u00e1n F\u00e9lix (salto triple Sub 20 con 13.79), Alejandro Madero (disco Sub 23 con 46.17), William P\u00e9rez (disco Sub 20 con 45:27) y Christian Ren\u00e9 Valdez (400 metros Sub 23 48:21).<\/p>\n<p class=\"x_gmail-MsoNoSpacing\">El quinto y pen\u00faltimo d\u00eda de actividades tendr\u00e1 lugar la tarde noche del s\u00e1bado en la pista y campo del estadio \u201cMarte R. G\u00f3mez\u201d de la capital tamaulipeca; las acciones empezar\u00e1n desde las 17:00 horas tiempo local (16:00 de Sonora).<\/p>\n","protected":false},"excerpt":{"rendered":"<p>Hermosillo, Sonora, 26 de abril del 2025.- Una impresionante actuaci\u00f3n fragu\u00f3 la delegaci\u00f3n sonorense en la cuarta jornada de acciones del Macro Regional de Atletismo, ya que conquist\u00f3 17 medallas (8 oros, 3 platas y 6 bronces), para, adem\u00e1s, capturar el mismo n\u00famero de plazas rumbo a la Olimpiada Nacional. El poder\u00edo sonorense se dej\u00f3 [&hellip;]<\/p>\n","protected":false},"author":2,"featured_media":216321,"comment_status":"closed","ping_status":"closed","sticky":false,"template":"","format":"standard","meta":{"footnotes":""},"categories":[188,12870],"tags":[5231,12865],"class_list":["post-216320","post","type-post","status-publish","format-standard","has-post-thumbnail","hentry","category-deportes","category-destacadas","tag-deportes","tag-destacadas"],"jetpack_featured_media_url":"https:\/\/rnoticias.com.mx\/Portal\/wp-content\/uploads\/2025\/04\/Alejandra-Urias-100-metros-y-relevos.jpg","amp_enabled":true,"_links":{"self":[{"href":"https:\/\/rnoticias.com.mx\/Portal\/wp-json\/wp\/v2\/posts\/216320","targetHints":{"allow":["GET"]}}],"collection":[{"href":"https:\/\/rnoticias.com.mx\/Portal\/wp-json\/wp\/v2\/posts"}],"about":[{"href":"https:\/\/rnoticias.com.mx\/Portal\/wp-json\/wp\/v2\/types\/post"}],"author":[{"embeddable":true,"href":"https:\/\/rnoticias.com.mx\/Portal\/wp-json\/wp\/v2\/users\/2"}],"replies":[{"embeddable":true,"href":"https:\/\/rnoticias.com.mx\/Portal\/wp-json\/wp\/v2\/comments?post=216320"}],"version-history":[{"count":1,"href":"https:\/\/rnoticias.com.mx\/Portal\/wp-json\/wp\/v2\/posts\/216320\/revisions"}],"predecessor-version":[{"id":216322,"href":"https:\/\/rnoticias.com.mx\/Portal\/wp-json\/wp\/v2\/posts\/216320\/revisions\/216322"}],"wp:featuredmedia":[{"embeddable":true,"href":"https:\/\/rnoticias.com.mx\/Portal\/wp-json\/wp\/v2\/media\/216321"}],"wp:attachment":[{"href":"https:\/\/rnoticias.com.mx\/Portal\/wp-json\/wp\/v2\/media?parent=216320"}],"wp:term":[{"taxonomy":"category","embeddable":true,"href":"https:\/\/rnoticias.com.mx\/Portal\/wp-json\/wp\/v2\/categories?post=216320"},{"taxonomy":"post_tag","embeddable":true,"href":"https:\/\/rnoticias.com.mx\/Portal\/wp-json\/wp\/v2\/tags?post=216320"}],"curies":[{"name":"wp","href":"https:\/\/api.w.org\/{rel}","templated":true}]}}